{"id":45718,"date":"2025-10-09T07:20:22","date_gmt":"2025-10-09T12:20:22","guid":{"rendered":"https:\/\/contraluzcucuta.co\/?p=45718"},"modified":"2025-10-09T12:30:24","modified_gmt":"2025-10-09T17:30:24","slug":"plan-tapahuecos-en-cucuta-comenzo-la-fase-de-diagnostico-de-las-vias","status":"publish","type":"post","link":"https:\/\/contraluzcucuta.co\/?p=45718","title":{"rendered":"PLAN TAPAHUECOS. En C\u00facuta, comenz\u00f3 la fase de diagn\u00f3stico de las v\u00edas"},"content":{"rendered":"<p style=\"text-align: right;\"><strong>C\u00daCUTA.<\/strong><\/p>\n<p><strong><span style=\"color: #ff9900;\">La secretar\u00eda de Infraestructura puso en funcionamiento el plan tapahuecos en la ciudad. La estrategia que permitir\u00e1 recuperar la malla vial de las 10 comunas de la capital de Norte de Santander. La nueva apuesta acompa\u00f1a a la que se ejecuta en diferentes barrios.<\/span><\/strong><\/p>\n<p><a href=\"https:\/\/contraluzcucuta.co\/wp-content\/uploads\/2025\/10\/TAPAHUECOS-1.jpg\"><img loading=\"lazy\" decoding=\"async\" class=\"alignnone wp-image-45719 alignleft\" src=\"https:\/\/contraluzcucuta.co\/wp-content\/uploads\/2025\/10\/TAPAHUECOS-1-300x200.jpg\" alt=\"\" width=\"248\" height=\"165\" srcset=\"https:\/\/contraluzcucuta.co\/wp-content\/uploads\/2025\/10\/TAPAHUECOS-1-300x200.jpg 300w, https:\/\/contraluzcucuta.co\/wp-content\/uploads\/2025\/10\/TAPAHUECOS-1-1024x684.jpg 1024w, https:\/\/contraluzcucuta.co\/wp-content\/uploads\/2025\/10\/TAPAHUECOS-1-768x513.jpg 768w, https:\/\/contraluzcucuta.co\/wp-content\/uploads\/2025\/10\/TAPAHUECOS-1-1536x1025.jpg 1536w, https:\/\/contraluzcucuta.co\/wp-content\/uploads\/2025\/10\/TAPAHUECOS-1-2048x1367.jpg 2048w, https:\/\/contraluzcucuta.co\/wp-content\/uploads\/2025\/10\/TAPAHUECOS-1-310x205.jpg 310w, https:\/\/contraluzcucuta.co\/wp-content\/uploads\/2025\/10\/TAPAHUECOS-1-600x401.jpg 600w\" sizes=\"auto, (max-width: 248px) 100vw, 248px\" \/><\/a><\/p>\n<p>El prop\u00f3sito es la recuperaci\u00f3n total de la malla vial, con la diferencia de que cada comuna har\u00e1 parte del lote para el total de 5 zonas. Este proyecto, con inversi\u00f3n de $ 35.000 millones, dispondr\u00e1 de $ 7000 millones por lote.<\/p>\n<p>En cuanto a la selecci\u00f3n de las v\u00edas, el equipo t\u00e9cnico priorizar\u00e1 zonas c\u00e9ntricas, calles donde se encuentren iglesias, instituciones educativas y parques. El objetivo es mejorar la movilidad en los sectores donde, en algunas ocasiones, se ve restringida debido al mal estado de las v\u00edas.<\/p>\n<p>El alcalde Jorge Acevedo indic\u00f3 que las labores se efectuar\u00e1n de manera progresiva. \u201cEl objetivo de este plan es ofrecer calles seguras y transitables para los cucute\u00f1os\u201d.<\/p>\n<p>El equipo t\u00e9cnico adelanta la fase de diagn\u00f3stico con el grupo de profesionales que caminan las calles para identificar los da\u00f1os. El recorrido comenz\u00f3 en la zona c\u00e9ntrica, en las avenidas 1 y 2, donde fueron marcados los puntos para el bacheo.<\/p>\n<p>La administraci\u00f3n municipal invit\u00f3 a la ciudadan\u00eda a tener paciencia durante la ejecuci\u00f3n de los trabajos, en las 10 comunas. Las intervenciones son muestra del compromiso del gobierno local para mejorar la infraestructura vial y la calidad de vida urbana.<\/p>\n","protected":false},"excerpt":{"rendered":"<p>C\u00daCUTA. La secretar\u00eda de Infraestructura puso en funcionamiento el plan tapahuecos en la ciudad. La estrategia que permitir\u00e1 recuperar la malla vial de las 10 comunas de la capital de Norte de Santander. La nueva apuesta acompa\u00f1a a la que se ejecuta en diferentes barrios. El prop\u00f3sito es la recuperaci\u00f3n total de la malla vial, &hellip;<\/p>\n","protected":false},"author":1,"featured_media":45720,"comment_status":"open","ping_status":"open","sticky":false,"template":"","format":"standard","meta":{"footnotes":""},"categories":[45,4],"tags":[5950,5928,7292,2895],"class_list":["post-45718","post","type-post","status-publish","format-standard","has-post-thumbnail","hentry","category-destacado","category-barra","tag-alcalde-jorge-acevedo","tag-malla-vial-cucutena","tag-plan-tapahuecos","tag-secretaria-de-infraestructura"],"_links":{"self":[{"href":"https:\/\/contraluzcucuta.co\/index.php?rest_route=\/wp\/v2\/posts\/45718","targetHints":{"allow":["GET"]}}],"collection":[{"href":"https:\/\/contraluzcucuta.co\/index.php?rest_route=\/wp\/v2\/posts"}],"about":[{"href":"https:\/\/contraluzcucuta.co\/index.php?rest_route=\/wp\/v2\/types\/post"}],"author":[{"embeddable":true,"href":"https:\/\/contraluzcucuta.co\/index.php?rest_route=\/wp\/v2\/users\/1"}],"replies":[{"embeddable":true,"href":"https:\/\/contraluzcucuta.co\/index.php?rest_route=%2Fwp%2Fv2%2Fcomments&post=45718"}],"version-history":[{"count":2,"href":"https:\/\/contraluzcucuta.co\/index.php?rest_route=\/wp\/v2\/posts\/45718\/revisions"}],"predecessor-version":[{"id":45722,"href":"https:\/\/contraluzcucuta.co\/index.php?rest_route=\/wp\/v2\/posts\/45718\/revisions\/45722"}],"wp:featuredmedia":[{"embeddable":true,"href":"https:\/\/contraluzcucuta.co\/index.php?rest_route=\/wp\/v2\/media\/45720"}],"wp:attachment":[{"href":"https:\/\/contraluzcucuta.co\/index.php?rest_route=%2Fwp%2Fv2%2Fmedia&parent=45718"}],"wp:term":[{"taxonomy":"category","embeddable":true,"href":"https:\/\/contraluzcucuta.co\/index.php?rest_route=%2Fwp%2Fv2%2Fcategories&post=45718"},{"taxonomy":"post_tag","embeddable":true,"href":"https:\/\/contraluzcucuta.co\/index.php?rest_route=%2Fwp%2Fv2%2Ftags&post=45718"}],"curies":[{"name":"wp","href":"https:\/\/api.w.org\/{rel}","templated":true}]}}