{"id":45706,"date":"2025-10-08T12:24:46","date_gmt":"2025-10-08T17:24:46","guid":{"rendered":"https:\/\/contraluzcucuta.co\/?p=45706"},"modified":"2025-10-08T12:24:46","modified_gmt":"2025-10-08T17:24:46","slug":"premio-regional-de-periodismo-septima-edicion-montanas-y-mares-historias-que-unen","status":"publish","type":"post","link":"https:\/\/contraluzcucuta.co\/?p=45706","title":{"rendered":"PREMIO REGIONAL DE PERIODISMO. S\u00e9ptima edici\u00f3n, \u201cMonta\u00f1as y mares, historias que unen\u201d"},"content":{"rendered":"<p style=\"text-align: right;\"><strong>OCA\u00d1A \u2013 Norte de Santander.<\/strong><\/p>\n<p><strong><span style=\"color: #ff9900;\">La Universidad Francisco de Paula Santander Oca\u00f1a anunci\u00f3 la apertura de la VII edici\u00f3n del Premio Regional de Periodismo Francisco de Paula Santander (FPS). El certamen se ha consolidado como espacio de reconocimiento a la labor period\u00edstica y comunicativa de la regi\u00f3n. Este a\u00f1o, ampl\u00eda las fronteras con participaci\u00f3n del departamento Bol\u00edvar, sum\u00e1ndose a Santander, Norte de Santander y Cesar.<\/span><\/strong><\/p>\n<p style=\"text-align: right;\"><a href=\"https:\/\/contraluzcucuta.co\/wp-content\/uploads\/2025\/10\/PREMIO-REGIONAL-DE-PERIODISMO-2.JPEG.jpg\"><img loading=\"lazy\" decoding=\"async\" class=\"wp-image-45707 alignleft\" src=\"https:\/\/contraluzcucuta.co\/wp-content\/uploads\/2025\/10\/PREMIO-REGIONAL-DE-PERIODISMO-2.JPEG-300x145.jpg\" alt=\"\" width=\"271\" height=\"131\" srcset=\"https:\/\/contraluzcucuta.co\/wp-content\/uploads\/2025\/10\/PREMIO-REGIONAL-DE-PERIODISMO-2.JPEG-300x145.jpg 300w, https:\/\/contraluzcucuta.co\/wp-content\/uploads\/2025\/10\/PREMIO-REGIONAL-DE-PERIODISMO-2.JPEG-1024x494.jpg 1024w, https:\/\/contraluzcucuta.co\/wp-content\/uploads\/2025\/10\/PREMIO-REGIONAL-DE-PERIODISMO-2.JPEG-768x371.jpg 768w, https:\/\/contraluzcucuta.co\/wp-content\/uploads\/2025\/10\/PREMIO-REGIONAL-DE-PERIODISMO-2.JPEG-1050x509.jpg 1050w, https:\/\/contraluzcucuta.co\/wp-content\/uploads\/2025\/10\/PREMIO-REGIONAL-DE-PERIODISMO-2.JPEG-600x289.jpg 600w, https:\/\/contraluzcucuta.co\/wp-content\/uploads\/2025\/10\/PREMIO-REGIONAL-DE-PERIODISMO-2.JPEG.jpg 1055w\" sizes=\"auto, (max-width: 271px) 100vw, 271px\" \/><\/a><\/p>\n<p>El lema de la nueva versi\u00f3n es Monta\u00f1as y mares, historias que unen, con el que se busca narrar la riqueza cultural, gastron\u00f3mica, religiosa, festiva, patrimonial, urbana, rural, deportiva, cient\u00edfica y de salud. Adem\u00e1s, proyectarlos como destino tur\u00edstico y motor de desarrollo social.<\/p>\n<p>La convocatoria estar\u00e1 abierta hasta el 16 de noviembre y podr\u00e1n participar periodistas, comunicadores sociales, estudiantes universitarios, medios de comunicaci\u00f3n y voceros de la comunidad. Se admitir\u00e1n publicaciones aparecidas entre el 10 de noviembre de 2024 y el 16 de noviembre de 2025. Los participantes tienen la posibilidad de inscribir hasta tres productos period\u00edsticos.<\/p>\n<p><strong>Categor\u00edas y novedades<\/strong><\/p>\n<p>El Premio mantiene las categor\u00edas general, universitaria y especial, con subcategor\u00edas en prensa, radio, televisi\u00f3n, documental, caricatura, fotograf\u00eda, medios digitales, estrategia de posicionamiento universitaria y tesis universitaria.<\/p>\n<p>La novedad es la incorporaci\u00f3n de la categor\u00eda Tesis de Grado Universitaria, como reconocimiento al esfuerzo acad\u00e9mico de quienes investigan y analizan la realidad desde el periodismo. Se mantiene la posibilidad de utilizar Inteligencia Artificial como herramienta de apoyo, siempre que se adjunte la trazabilidad del uso, para incentivar la innovaci\u00f3n en los procesos creativos.<\/p>\n<p>El 28 de noviembre, la Escuela de Bellas Artes Jorge Pacheco Quintero ser\u00e1 escenario de la jornada acad\u00e9mica con conferencias dedicadas al periodismo tur\u00edstico. A las 5:00 de la tarde, se llevar\u00e1 a cabo la ceremonia de premiaci\u00f3n, transmitida en vivo por la p\u00e1gina oficial de Facebook del Premio.<\/p>\n","protected":false},"excerpt":{"rendered":"<p>OCA\u00d1A \u2013 Norte de Santander. La Universidad Francisco de Paula Santander Oca\u00f1a anunci\u00f3 la apertura de la VII edici\u00f3n del Premio Regional de Periodismo Francisco de Paula Santander (FPS). El certamen se ha consolidado como espacio de reconocimiento a la labor period\u00edstica y comunicativa de la regi\u00f3n. Este a\u00f1o, ampl\u00eda las fronteras con participaci\u00f3n del &hellip;<\/p>\n","protected":false},"author":1,"featured_media":45708,"comment_status":"open","ping_status":"open","sticky":false,"template":"","format":"standard","meta":{"footnotes":""},"categories":[74,4],"tags":[7289,3220],"class_list":["post-45706","post","type-post","status-publish","format-standard","has-post-thumbnail","hentry","category-aula-universitaria","category-barra","tag-premio-regional-de-periodismo-fps","tag-ufps-ocana"],"_links":{"self":[{"href":"https:\/\/contraluzcucuta.co\/index.php?rest_route=\/wp\/v2\/posts\/45706","targetHints":{"allow":["GET"]}}],"collection":[{"href":"https:\/\/contraluzcucuta.co\/index.php?rest_route=\/wp\/v2\/posts"}],"about":[{"href":"https:\/\/contraluzcucuta.co\/index.php?rest_route=\/wp\/v2\/types\/post"}],"author":[{"embeddable":true,"href":"https:\/\/contraluzcucuta.co\/index.php?rest_route=\/wp\/v2\/users\/1"}],"replies":[{"embeddable":true,"href":"https:\/\/contraluzcucuta.co\/index.php?rest_route=%2Fwp%2Fv2%2Fcomments&post=45706"}],"version-history":[{"count":1,"href":"https:\/\/contraluzcucuta.co\/index.php?rest_route=\/wp\/v2\/posts\/45706\/revisions"}],"predecessor-version":[{"id":45709,"href":"https:\/\/contraluzcucuta.co\/index.php?rest_route=\/wp\/v2\/posts\/45706\/revisions\/45709"}],"wp:featuredmedia":[{"embeddable":true,"href":"https:\/\/contraluzcucuta.co\/index.php?rest_route=\/wp\/v2\/media\/45708"}],"wp:attachment":[{"href":"https:\/\/contraluzcucuta.co\/index.php?rest_route=%2Fwp%2Fv2%2Fmedia&parent=45706"}],"wp:term":[{"taxonomy":"category","embeddable":true,"href":"https:\/\/contraluzcucuta.co\/index.php?rest_route=%2Fwp%2Fv2%2Fcategories&post=45706"},{"taxonomy":"post_tag","embeddable":true,"href":"https:\/\/contraluzcucuta.co\/index.php?rest_route=%2Fwp%2Fv2%2Ftags&post=45706"}],"curies":[{"name":"wp","href":"https:\/\/api.w.org\/{rel}","templated":true}]}}