{"id":45690,"date":"2025-10-07T15:36:19","date_gmt":"2025-10-07T20:36:19","guid":{"rendered":"https:\/\/contraluzcucuta.co\/?p=45690"},"modified":"2025-10-07T15:36:19","modified_gmt":"2025-10-07T20:36:19","slug":"inversion-de-1718-millones-80-familias-de-el-catatumbo-fortalecen-produccion-de-panela","status":"publish","type":"post","link":"https:\/\/contraluzcucuta.co\/?p=45690","title":{"rendered":"INVERSI\u00d3N DE $ 1718 millones. 80 familias de El Catatumbo fortalecen producci\u00f3n de panela"},"content":{"rendered":"<p style=\"text-align: right;\"><strong>TEORAMA &#8211; Norte de Santander.\u00a0 \u00a0 \u00a0 \u00a0 \u00a0 \u00a0<\/strong><\/p>\n<p><strong><span style=\"color: #ff9900;\">De los $ 1718 millones invertidos en el Convenio 1077 de 2024, firmado entre el Consorcio Fondo Colombia en Paz y la Asociaci\u00f3n Agroindustrial de la vereda Miracotes (Asoagrocote), $ 1090 millones fueron aportados por la Agencia de Renovaci\u00f3n del Territorio (ART) y cerca de $ 600 millones en contrapartida por la asociaci\u00f3n.<\/span><\/strong><\/p>\n<figure id=\"attachment_45692\" aria-describedby=\"caption-attachment-45692\" style=\"width: 294px\" class=\"wp-caption alignleft\"><a href=\"https:\/\/contraluzcucuta.co\/wp-content\/uploads\/2025\/10\/TEORAMA-PANELA-2.jpeg\"><img loading=\"lazy\" decoding=\"async\" class=\"size-full wp-image-45692\" src=\"https:\/\/contraluzcucuta.co\/wp-content\/uploads\/2025\/10\/TEORAMA-PANELA-2.jpeg\" alt=\"\" width=\"294\" height=\"172\" \/><\/a><figcaption id=\"caption-attachment-45692\" class=\"wp-caption-text\"><strong><em>Foto: Alerta Santanderes<\/em><\/strong><\/figcaption><\/figure>\n<p>La ejecuci\u00f3n del Convenio acaba de terminar con la entrega de insumos, herramientas agr\u00edcolas, tecnolog\u00eda para el trapiche comunitario y procesos de capacitaci\u00f3n a los 80 productores de panela de Teorama (Norte de Santander). Ahora cuentan con mejores condiciones para producir, transformar y comercializar el producto.<\/p>\n<p>El coordinador de la ART en El Catatumbo, David Ib\u00e1\u00f1ez Dur\u00e1n, destac\u00f3 que medio de estas iniciativas el Gobierno les cumple a las comunidades con la implementaci\u00f3n del Acuerdo de Paz.<\/p>\n<p>\u201cHoy, con este proyecto que beneficia a 80 productores, con una inversi\u00f3n conjunta de m\u00e1s de $ 1700 millones, avanzamos en consolidar el territorio y mejorar las condiciones de vida de las comunidades\u201d, dijo Ib\u00e1\u00f1ez Dur\u00e1n. \u00a0Para los l\u00edderes campesinos, el proyecto representa el paso hacia la dignificaci\u00f3n del campo y la construcci\u00f3n de paz.<\/p>\n<p>Conrado Pallares, representante legal de Asoagrocote, expres\u00f3 que \u201choy es un d\u00eda especial, porque los asociados reciben el incentivo de la ART, el Fondo Colombia en Paz y los programas PDET para el desarrollo de la regi\u00f3n. La presencia de la institucionalidad es importante para que la gente vuelva a creer\u201d.<\/p>\n<p>Blanca D\u00edaz, lideresa campesina, resalt\u00f3 la importancia del apoyo y dijo que \u201cestamos agradecidos porque recibimos abonos, machetes, fumigadoras y muchas cosas que nos benefician. Con eso vamos a mejorar una hect\u00e1rea de ca\u00f1a, aumentar el rendimiento y generar empleo\u201d.<\/p>\n<p>En Teorama la ca\u00f1a panelera es un rengl\u00f3n productivo y un elemento cultural y de permanencia en el territorio.<\/p>\n<figure id=\"attachment_45693\" aria-describedby=\"caption-attachment-45693\" style=\"width: 284px\" class=\"wp-caption alignright\"><a href=\"https:\/\/contraluzcucuta.co\/wp-content\/uploads\/2025\/10\/TEORAMA-PANELA-3.jpeg\"><img loading=\"lazy\" decoding=\"async\" class=\"size-full wp-image-45693\" src=\"https:\/\/contraluzcucuta.co\/wp-content\/uploads\/2025\/10\/TEORAMA-PANELA-3.jpeg\" alt=\"\" width=\"284\" height=\"177\" \/><\/a><figcaption id=\"caption-attachment-45693\" class=\"wp-caption-text\"><strong><em>Foto: Infobae<\/em><\/strong><\/figcaption><\/figure>\n<p><strong>Acciones contempladas en el proyecto<\/strong><\/p>\n<ul>\n<li>Fortalecimiento de capacidades t\u00e9cnicas a los 80 productores vinculados, con formaci\u00f3n en todas las etapas del proceso productivo.<\/li>\n<li>Tecnificaci\u00f3n de los cultivos de ca\u00f1a de az\u00facar, con la renovaci\u00f3n de 80 hect\u00e1reas que hoy cuentan con mejores pr\u00e1cticas agr\u00edcolas.<\/li>\n<li>Mejoramiento del trapiche de Asoagrocote, mediante la dotaci\u00f3n de equipos que optimizan la calidad y eficiencia de la panela producida.<\/li>\n<li>Fortalecimiento organizativo y comercial, con entrega de equipos de oficina y acompa\u00f1amiento en la gesti\u00f3n asociativa y de mercados.<\/li>\n<li>Durante las jornadas de entrega, las familias recibieron abonos, fertilizantes, machetes, fumigadoras y otros implementos agr\u00edcolas que impulsan la productividad en el campo.<\/li>\n<\/ul>\n","protected":false},"excerpt":{"rendered":"<p>TEORAMA &#8211; Norte de Santander.\u00a0 \u00a0 \u00a0 \u00a0 \u00a0 \u00a0 De los $ 1718 millones invertidos en el Convenio 1077 de 2024, firmado entre el Consorcio Fondo Colombia en Paz y la Asociaci\u00f3n Agroindustrial de la vereda Miracotes (Asoagrocote), $ 1090 millones fueron aportados por la Agencia de Renovaci\u00f3n del Territorio (ART) y cerca de &hellip;<\/p>\n","protected":false},"author":1,"featured_media":45691,"comment_status":"open","ping_status":"open","sticky":false,"template":"","format":"standard","meta":{"footnotes":""},"categories":[4,32],"tags":[7284,7283,265,7282,717],"class_list":["post-45690","post","type-post","status-publish","format-standard","has-post-thumbnail","hentry","category-barra","category-recorrido-por-la-region","tag-asoagrocote","tag-asociacion-agroindustrial","tag-catatumbo","tag-consorcio-fondo-colombia-en-paz","tag-teorama"],"_links":{"self":[{"href":"https:\/\/contraluzcucuta.co\/index.php?rest_route=\/wp\/v2\/posts\/45690","targetHints":{"allow":["GET"]}}],"collection":[{"href":"https:\/\/contraluzcucuta.co\/index.php?rest_route=\/wp\/v2\/posts"}],"about":[{"href":"https:\/\/contraluzcucuta.co\/index.php?rest_route=\/wp\/v2\/types\/post"}],"author":[{"embeddable":true,"href":"https:\/\/contraluzcucuta.co\/index.php?rest_route=\/wp\/v2\/users\/1"}],"replies":[{"embeddable":true,"href":"https:\/\/contraluzcucuta.co\/index.php?rest_route=%2Fwp%2Fv2%2Fcomments&post=45690"}],"version-history":[{"count":1,"href":"https:\/\/contraluzcucuta.co\/index.php?rest_route=\/wp\/v2\/posts\/45690\/revisions"}],"predecessor-version":[{"id":45694,"href":"https:\/\/contraluzcucuta.co\/index.php?rest_route=\/wp\/v2\/posts\/45690\/revisions\/45694"}],"wp:featuredmedia":[{"embeddable":true,"href":"https:\/\/contraluzcucuta.co\/index.php?rest_route=\/wp\/v2\/media\/45691"}],"wp:attachment":[{"href":"https:\/\/contraluzcucuta.co\/index.php?rest_route=%2Fwp%2Fv2%2Fmedia&parent=45690"}],"wp:term":[{"taxonomy":"category","embeddable":true,"href":"https:\/\/contraluzcucuta.co\/index.php?rest_route=%2Fwp%2Fv2%2Fcategories&post=45690"},{"taxonomy":"post_tag","embeddable":true,"href":"https:\/\/contraluzcucuta.co\/index.php?rest_route=%2Fwp%2Fv2%2Ftags&post=45690"}],"curies":[{"name":"wp","href":"https:\/\/api.w.org\/{rel}","templated":true}]}}