{"id":45686,"date":"2025-10-07T14:48:41","date_gmt":"2025-10-07T19:48:41","guid":{"rendered":"https:\/\/contraluzcucuta.co\/?p=45686"},"modified":"2025-10-07T14:48:41","modified_gmt":"2025-10-07T19:48:41","slug":"recuperarte-objetivo-revitalizar-el-espacio-publico-en-cucuta","status":"publish","type":"post","link":"https:\/\/contraluzcucuta.co\/?p=45686","title":{"rendered":"RECUPERARTE. Objetivo, revitalizar el espacio p\u00fablico en C\u00facuta"},"content":{"rendered":"<p style=\"text-align: right;\"><strong>C\u00daCUTA. <\/strong><\/p>\n<p><strong><span style=\"color: #ff9900;\">Cuatro mil 400 metros cuadrados de espacio p\u00fablico, en distintos puntos de la ciudad, ser\u00e1n revitalizados mediante la implementaci\u00f3n del programa RecuperArte. La estrategia de transformaci\u00f3n urbana adopta el enfoque internacional de creaci\u00f3n de lugares, en el que trabajan la secretar\u00eda de Infraestructura y Corpocero.<\/span><\/strong><\/p>\n<p><a href=\"https:\/\/contraluzcucuta.co\/wp-content\/uploads\/2025\/10\/RECUPERARTE-2.jpg\"><img loading=\"lazy\" decoding=\"async\" class=\"alignnone  wp-image-45688 alignleft\" src=\"https:\/\/contraluzcucuta.co\/wp-content\/uploads\/2025\/10\/RECUPERARTE-2-300x225.jpg\" alt=\"\" width=\"249\" height=\"187\" srcset=\"https:\/\/contraluzcucuta.co\/wp-content\/uploads\/2025\/10\/RECUPERARTE-2-300x225.jpg 300w, https:\/\/contraluzcucuta.co\/wp-content\/uploads\/2025\/10\/RECUPERARTE-2-1024x768.jpg 1024w, https:\/\/contraluzcucuta.co\/wp-content\/uploads\/2025\/10\/RECUPERARTE-2-768x576.jpg 768w, https:\/\/contraluzcucuta.co\/wp-content\/uploads\/2025\/10\/RECUPERARTE-2-1536x1152.jpg 1536w, https:\/\/contraluzcucuta.co\/wp-content\/uploads\/2025\/10\/RECUPERARTE-2-600x450.jpg 600w, https:\/\/contraluzcucuta.co\/wp-content\/uploads\/2025\/10\/RECUPERARTE-2.jpg 1600w\" sizes=\"auto, (max-width: 249px) 100vw, 249px\" \/><\/a><\/p>\n<p>El <em>Placemaking<\/em>, proceso de planificaci\u00f3n, dise\u00f1o y gesti\u00f3n centrado en la comunidad, busca:<\/p>\n<ul>\n<li>Convertir los espacios p\u00fablicos en lugares vibrantes, seguros y con sentido de pertenencia<\/li>\n<li>Priorizar la participaci\u00f3n ciudadana, el bienestar colectivo y la identidad cultural<\/li>\n<li>Fortalecer la relaci\u00f3n con el entorno urbano.<\/li>\n<\/ul>\n<p>En la primera fase del programa se ejecuta el convenio interadministrativo ($ 1643 millones), en el que Corpocero aporta el 10 % de los recursos y la experiencia t\u00e9cnica para la aplicaci\u00f3n integral del concepto. La alianza busca recuperar y embellecer los espacios p\u00fablicos, y fomentar el sentido de pertenencia, la apropiaci\u00f3n del entorno y la identidad cultural.<\/p>\n<p>La administraci\u00f3n municipal trabaja en la consolidaci\u00f3n de la ciudad moderna y estructurada, donde cada intervenci\u00f3n tenga impacto real en la vida de los cucute\u00f1os. La estrategia RecuperArte mejora la infraestructura y promueve la pedagog\u00eda urbana orientada a que las comunidades comprendan la importancia de cuidar y valorar los espacios compartidos.<\/p>\n<p>Este programa permitir\u00e1 ejecutar acciones inmediatas sin depender de procesos contractuales extensos para brindar respuestas \u00e1giles a las necesidades de la ciudad. Se priorizar\u00e1n intervenciones en puntos donde existan riesgos o deterioros que afecten la movilidad y la seguridad (tapas de concreto, andenes y zonas peatonales)<\/p>\n<p>Entre las obras se incluyen<\/p>\n<ul>\n<li>Reconstrucci\u00f3n de sardineles y andenes<\/li>\n<li>Reparaci\u00f3n de v\u00edas menores<\/li>\n<li>Instalaci\u00f3n de rampas para personas en condici\u00f3n de discapacidad<\/li>\n<li>Marcaci\u00f3n de espacios p\u00fablicos<\/li>\n<li>Elaboraci\u00f3n de murales<\/li>\n<li>Labores de embellecimiento urbano.<\/li>\n<\/ul>\n","protected":false},"excerpt":{"rendered":"<p>C\u00daCUTA. Cuatro mil 400 metros cuadrados de espacio p\u00fablico, en distintos puntos de la ciudad, ser\u00e1n revitalizados mediante la implementaci\u00f3n del programa RecuperArte. La estrategia de transformaci\u00f3n urbana adopta el enfoque internacional de creaci\u00f3n de lugares, en el que trabajan la secretar\u00eda de Infraestructura y Corpocero. El Placemaking, proceso de planificaci\u00f3n, dise\u00f1o y gesti\u00f3n centrado &hellip;<\/p>\n","protected":false},"author":1,"featured_media":45687,"comment_status":"open","ping_status":"open","sticky":false,"template":"","format":"standard","meta":{"footnotes":""},"categories":[45,4],"tags":[7281,2018,7280,2895],"class_list":["post-45686","post","type-post","status-publish","format-standard","has-post-thumbnail","hentry","category-destacado","category-barra","tag-corpocero","tag-espacio-publico-en-cucuta","tag-recuperarte","tag-secretaria-de-infraestructura"],"_links":{"self":[{"href":"https:\/\/contraluzcucuta.co\/index.php?rest_route=\/wp\/v2\/posts\/45686","targetHints":{"allow":["GET"]}}],"collection":[{"href":"https:\/\/contraluzcucuta.co\/index.php?rest_route=\/wp\/v2\/posts"}],"about":[{"href":"https:\/\/contraluzcucuta.co\/index.php?rest_route=\/wp\/v2\/types\/post"}],"author":[{"embeddable":true,"href":"https:\/\/contraluzcucuta.co\/index.php?rest_route=\/wp\/v2\/users\/1"}],"replies":[{"embeddable":true,"href":"https:\/\/contraluzcucuta.co\/index.php?rest_route=%2Fwp%2Fv2%2Fcomments&post=45686"}],"version-history":[{"count":1,"href":"https:\/\/contraluzcucuta.co\/index.php?rest_route=\/wp\/v2\/posts\/45686\/revisions"}],"predecessor-version":[{"id":45689,"href":"https:\/\/contraluzcucuta.co\/index.php?rest_route=\/wp\/v2\/posts\/45686\/revisions\/45689"}],"wp:featuredmedia":[{"embeddable":true,"href":"https:\/\/contraluzcucuta.co\/index.php?rest_route=\/wp\/v2\/media\/45687"}],"wp:attachment":[{"href":"https:\/\/contraluzcucuta.co\/index.php?rest_route=%2Fwp%2Fv2%2Fmedia&parent=45686"}],"wp:term":[{"taxonomy":"category","embeddable":true,"href":"https:\/\/contraluzcucuta.co\/index.php?rest_route=%2Fwp%2Fv2%2Fcategories&post=45686"},{"taxonomy":"post_tag","embeddable":true,"href":"https:\/\/contraluzcucuta.co\/index.php?rest_route=%2Fwp%2Fv2%2Ftags&post=45686"}],"curies":[{"name":"wp","href":"https:\/\/api.w.org\/{rel}","templated":true}]}}