{"id":45682,"date":"2025-10-06T18:37:49","date_gmt":"2025-10-06T23:37:49","guid":{"rendered":"https:\/\/contraluzcucuta.co\/?p=45682"},"modified":"2025-10-06T18:37:49","modified_gmt":"2025-10-06T23:37:49","slug":"avalancha-en-cucuta-comienza-caracterizacion-de-familias-afectadas","status":"publish","type":"post","link":"https:\/\/contraluzcucuta.co\/?p=45682","title":{"rendered":"AVALANCHA EN C\u00daCUTA. Comienza caracterizaci\u00f3n de familias afectadas"},"content":{"rendered":"<p style=\"text-align: right;\"><strong>C\u00daCUTA.<\/strong><\/p>\n<p><strong><span style=\"color: #ff9900;\">Las familias afectadas por la tragedia del 17 de noviembre de 2020, causada por el desbordamiento de la quebrada Tonchal\u00e1, comenzaron a ser caracterizadas. El proceso est\u00e1 a cargo de la secretar\u00eda de Gesti\u00f3n del Riesgo de Desastres.<\/span><\/strong><\/p>\n<p><a href=\"https:\/\/contraluzcucuta.co\/wp-content\/uploads\/2025\/10\/GESTION-DEL-RIESGO-DAMNIFICADOS-2.jpg\"><img loading=\"lazy\" decoding=\"async\" class=\"alignnone  wp-image-45684 alignleft\" src=\"https:\/\/contraluzcucuta.co\/wp-content\/uploads\/2025\/10\/GESTION-DEL-RIESGO-DAMNIFICADOS-2-300x225.jpg\" alt=\"\" width=\"245\" height=\"184\" srcset=\"https:\/\/contraluzcucuta.co\/wp-content\/uploads\/2025\/10\/GESTION-DEL-RIESGO-DAMNIFICADOS-2-300x225.jpg 300w, https:\/\/contraluzcucuta.co\/wp-content\/uploads\/2025\/10\/GESTION-DEL-RIESGO-DAMNIFICADOS-2-1024x768.jpg 1024w, https:\/\/contraluzcucuta.co\/wp-content\/uploads\/2025\/10\/GESTION-DEL-RIESGO-DAMNIFICADOS-2-768x576.jpg 768w, https:\/\/contraluzcucuta.co\/wp-content\/uploads\/2025\/10\/GESTION-DEL-RIESGO-DAMNIFICADOS-2-600x450.jpg 600w, https:\/\/contraluzcucuta.co\/wp-content\/uploads\/2025\/10\/GESTION-DEL-RIESGO-DAMNIFICADOS-2.jpg 1280w\" sizes=\"auto, (max-width: 245px) 100vw, 245px\" \/><\/a><\/p>\n<p>En la jornada particip\u00f3 la comitiva de la Unidad Nacional para la Gesti\u00f3n del Riesgo de Desastres (UNGRD). En articulaci\u00f3n con la secretar\u00eda de Gesti\u00f3n del Riesgo verific\u00f3 y recolect\u00f3 informaci\u00f3n de las familias que residen en el sector 23 de Enero. El objetivo es dar continuidad al proceso de reasignaci\u00f3n y reubicaci\u00f3n definitiva.<\/p>\n<p>La avalancha gener\u00f3 afectaciones en el terreno e impact\u00f3 al barrio La Isla, donde hubo v\u00edctimas mortales y p\u00e9rdidas humanas, materiales y de mascotas. La UNGRD determin\u00f3 que la zona no pod\u00eda volver a ser habitada y otorg\u00f3 subsidios de arrendamiento temporal mientras defin\u00eda las medidas de reubicaci\u00f3n.<\/p>\n<p>\u201cAcompa\u00f1amos este proceso en articulaci\u00f3n con la Unidad Nacional, para garantizar transparencia, acompa\u00f1amiento y apoyo permanente a los afectadas\u201d, manifest\u00f3 Fabi\u00e1n Prato, secretario de Gesti\u00f3n del Riesgo de Desastres.<\/p>\n<p>La Alcald\u00eda reafirm\u00f3 el compromiso con la gesti\u00f3n integral del riesgo y el bienestar de las comunidades. El trabajo junto al Gobierno permitir\u00e1 la consolidaci\u00f3n de soluciones habitacionales dignas y seguras para los damnificados.<\/p>\n","protected":false},"excerpt":{"rendered":"<p>C\u00daCUTA. Las familias afectadas por la tragedia del 17 de noviembre de 2020, causada por el desbordamiento de la quebrada Tonchal\u00e1, comenzaron a ser caracterizadas. El proceso est\u00e1 a cargo de la secretar\u00eda de Gesti\u00f3n del Riesgo de Desastres. En la jornada particip\u00f3 la comitiva de la Unidad Nacional para la Gesti\u00f3n del Riesgo de &hellip;<\/p>\n","protected":false},"author":1,"featured_media":45683,"comment_status":"open","ping_status":"open","sticky":false,"template":"","format":"standard","meta":{"footnotes":""},"categories":[11,4],"tags":[4165,3441,3440],"class_list":["post-45682","post","type-post","status-publish","format-standard","has-post-thumbnail","hentry","category-cronica-roja","category-barra","tag-secretaria-de-gestion-del-riesgo","tag-ungrd","tag-unidad-nacional-para-la-gestion-del-riesgo-de-desastres"],"_links":{"self":[{"href":"https:\/\/contraluzcucuta.co\/index.php?rest_route=\/wp\/v2\/posts\/45682","targetHints":{"allow":["GET"]}}],"collection":[{"href":"https:\/\/contraluzcucuta.co\/index.php?rest_route=\/wp\/v2\/posts"}],"about":[{"href":"https:\/\/contraluzcucuta.co\/index.php?rest_route=\/wp\/v2\/types\/post"}],"author":[{"embeddable":true,"href":"https:\/\/contraluzcucuta.co\/index.php?rest_route=\/wp\/v2\/users\/1"}],"replies":[{"embeddable":true,"href":"https:\/\/contraluzcucuta.co\/index.php?rest_route=%2Fwp%2Fv2%2Fcomments&post=45682"}],"version-history":[{"count":1,"href":"https:\/\/contraluzcucuta.co\/index.php?rest_route=\/wp\/v2\/posts\/45682\/revisions"}],"predecessor-version":[{"id":45685,"href":"https:\/\/contraluzcucuta.co\/index.php?rest_route=\/wp\/v2\/posts\/45682\/revisions\/45685"}],"wp:featuredmedia":[{"embeddable":true,"href":"https:\/\/contraluzcucuta.co\/index.php?rest_route=\/wp\/v2\/media\/45683"}],"wp:attachment":[{"href":"https:\/\/contraluzcucuta.co\/index.php?rest_route=%2Fwp%2Fv2%2Fmedia&parent=45682"}],"wp:term":[{"taxonomy":"category","embeddable":true,"href":"https:\/\/contraluzcucuta.co\/index.php?rest_route=%2Fwp%2Fv2%2Fcategories&post=45682"},{"taxonomy":"post_tag","embeddable":true,"href":"https:\/\/contraluzcucuta.co\/index.php?rest_route=%2Fwp%2Fv2%2Ftags&post=45682"}],"curies":[{"name":"wp","href":"https:\/\/api.w.org\/{rel}","templated":true}]}}