{"id":45672,"date":"2025-10-06T09:02:28","date_gmt":"2025-10-06T14:02:28","guid":{"rendered":"https:\/\/contraluzcucuta.co\/?p=45672"},"modified":"2025-10-06T09:02:28","modified_gmt":"2025-10-06T14:02:28","slug":"balonmano-este-deporte-me-ha-enamorado-jetxel-noriega-alvarez","status":"publish","type":"post","link":"https:\/\/contraluzcucuta.co\/?p=45672","title":{"rendered":"BALONMANO. Este deporte me ha enamorado, Jetxel Noriega \u00c1lvarez"},"content":{"rendered":"<p style=\"text-align: right;\"><strong>C\u00daCUTA<\/strong><\/p>\n<p><strong><span style=\"color: #ff9900;\">Hace seis a\u00f1os, Jetxel Dayana Noriega lleg\u00f3 al balonmano en el colegio Santo \u00c1ngel, cuna de esta disciplina en Norte de Santander. El docente de educaci\u00f3n f\u00edsica la invit\u00f3 a participar. No sab\u00eda de qu\u00e9 se trataba y ahora luce con orgullo la camiseta de la selecci\u00f3n Colombia. A la espalda lleva el bien ponderado 7.<\/span><\/strong><\/p>\n<p><a href=\"https:\/\/contraluzcucuta.co\/wp-content\/uploads\/2025\/10\/JETXEL-NORIEGA-2.jpg\"><img loading=\"lazy\" decoding=\"async\" class=\"alignnone  wp-image-45674 alignleft\" src=\"https:\/\/contraluzcucuta.co\/wp-content\/uploads\/2025\/10\/JETXEL-NORIEGA-2-300x284.jpg\" alt=\"\" width=\"250\" height=\"237\" srcset=\"https:\/\/contraluzcucuta.co\/wp-content\/uploads\/2025\/10\/JETXEL-NORIEGA-2-300x284.jpg 300w, https:\/\/contraluzcucuta.co\/wp-content\/uploads\/2025\/10\/JETXEL-NORIEGA-2-600x568.jpg 600w, https:\/\/contraluzcucuta.co\/wp-content\/uploads\/2025\/10\/JETXEL-NORIEGA-2.jpg 632w\" sizes=\"auto, (max-width: 250px) 100vw, 250px\" \/><\/a><\/p>\n<p>\u201cEste deporte me ha enamorado, porque es \u00fanico, es completo y es vers\u00e1til\u201d. A pesar de ese amor por la disciplina, en una ocasi\u00f3n sinti\u00f3 decepci\u00f3n. Ocurri\u00f3 en los Intercolegiados. Clasificaron a la fase nacional y sin explicaci\u00f3n alguna no les dieron el cupo. En esa ocasi\u00f3n no viajaron y le dio duro, porque, junto con el equipo, se hab\u00edan esforzado durante dos a\u00f1os para obtener el derecho y los responsables de las justas lo negaron.<\/p>\n<p>Esta joven de 18 a\u00f1os, licenciada en Educaci\u00f3n F\u00edsica en formaci\u00f3n, sabe que la receta para ser excelente deportista debe contener dosis grandes de constancia, perseverancia y disciplina. A esos valores hay que agreg\u00e1rseles toques de fuerza mental, motivaci\u00f3n, inspiraci\u00f3n y ponerles todas las especies que llevan a los j\u00f3venes al alto rendimiento.<\/p>\n<p>A la selecci\u00f3n nacional, en la categor\u00eda Junior, no lleg\u00f3 de la noche a la ma\u00f1ana. No es que se haya acostado como jugadora de club y despertara con el llamado al conjunto patrio debajo de la almohada. La docilidad, la obediencia, el orden, el rigor y el m\u00e9todo de preparaci\u00f3n fueron suficientes para que se diera la convocatoria anhelada por todo deportista, en cualquier disciplina.<\/p>\n<p><a href=\"https:\/\/contraluzcucuta.co\/wp-content\/uploads\/2025\/10\/JETXEL-NORIEGA-7.jpg\"><img loading=\"lazy\" decoding=\"async\" class=\"alignnone  wp-image-45675 alignright\" src=\"https:\/\/contraluzcucuta.co\/wp-content\/uploads\/2025\/10\/JETXEL-NORIEGA-7-252x300.jpg\" alt=\"\" width=\"223\" height=\"265\" srcset=\"https:\/\/contraluzcucuta.co\/wp-content\/uploads\/2025\/10\/JETXEL-NORIEGA-7-252x300.jpg 252w, https:\/\/contraluzcucuta.co\/wp-content\/uploads\/2025\/10\/JETXEL-NORIEGA-7-861x1024.jpg 861w, https:\/\/contraluzcucuta.co\/wp-content\/uploads\/2025\/10\/JETXEL-NORIEGA-7-768x914.jpg 768w, https:\/\/contraluzcucuta.co\/wp-content\/uploads\/2025\/10\/JETXEL-NORIEGA-7-600x714.jpg 600w, https:\/\/contraluzcucuta.co\/wp-content\/uploads\/2025\/10\/JETXEL-NORIEGA-7.jpg 880w\" sizes=\"auto, (max-width: 223px) 100vw, 223px\" \/><\/a><\/p>\n<p>La p\u00f3cima dio el resultado esperado. Al cabo de los d\u00edas Jetxel estaba incluida en la lista que representar\u00eda a Colombia en el exterior. \u201cHubo dos d\u00edas de preparaci\u00f3n para el Sudamericano\u201d. All\u00e1, los objetivos fueron alcanzados. \u201cQuedamos campeonas\u201d. Ahora, \u201cel siguiente paso es el Centroamericano, pronto\u201d.<\/p>\n<p>Ser la \u00fanica cucute\u00f1a en Selecci\u00f3n la tiene encumbrada en el campo deportivo, pero con los pies en la tierra. \u201cMucho honor y mucho orgullo por representar al departamento y al pa\u00eds. Siempre, llev\u00e1ndolos en lo m\u00e1s alto\u201d. El \u00e9nfasis est\u00e1 puesto en que \u201cNorte, arriba\u201d.<\/p>\n<p>Al hablar, se siente la humildad en esta joven, que antepone a Dios por sobre cualquier aspecto humano. \u201cHonrada por estar donde estoy\u201d. Los compa\u00f1eros de club y de entrenamiento est\u00e1n en constante contacto, por lo que para ellos hablar con Jetxel no es dif\u00edcil. \u201cConocen la historia, conocen el proceso. Tener ese apoyo detr\u00e1s es reconfortante\u201d.<\/p>\n<p><strong>RAFAEL ANTONIO PAB\u00d3N <\/strong><\/p>\n<p><strong><a href=\"mailto:rafaelpabon58@hotmail.com\">rafaelpabon58@hotmail.com<\/a><\/strong><\/p>\n","protected":false},"excerpt":{"rendered":"<p>C\u00daCUTA Hace seis a\u00f1os, Jetxel Dayana Noriega lleg\u00f3 al balonmano en el colegio Santo \u00c1ngel, cuna de esta disciplina en Norte de Santander. El docente de educaci\u00f3n f\u00edsica la invit\u00f3 a participar. No sab\u00eda de qu\u00e9 se trataba y ahora luce con orgullo la camiseta de la selecci\u00f3n Colombia. A la espalda lleva el bien &hellip;<\/p>\n","protected":false},"author":1,"featured_media":45673,"comment_status":"open","ping_status":"open","sticky":false,"template":"","format":"standard","meta":{"footnotes":""},"categories":[4,28],"tags":[5585,7277,7276,7032],"class_list":["post-45672","post","type-post","status-publish","format-standard","has-post-thumbnail","hentry","category-barra","category-vistazo-deportivo","tag-acord-informa","tag-balonmano","tag-jetxel-dayana-noriega","tag-vistazo-deportico"],"_links":{"self":[{"href":"https:\/\/contraluzcucuta.co\/index.php?rest_route=\/wp\/v2\/posts\/45672","targetHints":{"allow":["GET"]}}],"collection":[{"href":"https:\/\/contraluzcucuta.co\/index.php?rest_route=\/wp\/v2\/posts"}],"about":[{"href":"https:\/\/contraluzcucuta.co\/index.php?rest_route=\/wp\/v2\/types\/post"}],"author":[{"embeddable":true,"href":"https:\/\/contraluzcucuta.co\/index.php?rest_route=\/wp\/v2\/users\/1"}],"replies":[{"embeddable":true,"href":"https:\/\/contraluzcucuta.co\/index.php?rest_route=%2Fwp%2Fv2%2Fcomments&post=45672"}],"version-history":[{"count":1,"href":"https:\/\/contraluzcucuta.co\/index.php?rest_route=\/wp\/v2\/posts\/45672\/revisions"}],"predecessor-version":[{"id":45676,"href":"https:\/\/contraluzcucuta.co\/index.php?rest_route=\/wp\/v2\/posts\/45672\/revisions\/45676"}],"wp:featuredmedia":[{"embeddable":true,"href":"https:\/\/contraluzcucuta.co\/index.php?rest_route=\/wp\/v2\/media\/45673"}],"wp:attachment":[{"href":"https:\/\/contraluzcucuta.co\/index.php?rest_route=%2Fwp%2Fv2%2Fmedia&parent=45672"}],"wp:term":[{"taxonomy":"category","embeddable":true,"href":"https:\/\/contraluzcucuta.co\/index.php?rest_route=%2Fwp%2Fv2%2Fcategories&post=45672"},{"taxonomy":"post_tag","embeddable":true,"href":"https:\/\/contraluzcucuta.co\/index.php?rest_route=%2Fwp%2Fv2%2Ftags&post=45672"}],"curies":[{"name":"wp","href":"https:\/\/api.w.org\/{rel}","templated":true}]}}