{"id":45668,"date":"2025-10-06T08:39:08","date_gmt":"2025-10-06T13:39:08","guid":{"rendered":"https:\/\/contraluzcucuta.co\/?p=45668"},"modified":"2025-10-06T08:39:08","modified_gmt":"2025-10-06T13:39:08","slug":"feria-itinerante-marcas-agotaron-el-inventario-antes-de-tiempo","status":"publish","type":"post","link":"https:\/\/contraluzcucuta.co\/?p=45668","title":{"rendered":"FERIA ITINERANTE. Marcas agotaron el inventario antes de tiempo"},"content":{"rendered":"<p style=\"text-align: right;\"><strong>C\u00daCUTA.<\/strong><\/p>\n<p><strong><span style=\"color: #ff9900;\">La primera edici\u00f3n del <em>Pop-Up Market<\/em> (feria itinerante de corta duraci\u00f3n) reuni\u00f3 en C\u00facuta emprendimientos de tecnolog\u00eda, innovaci\u00f3n, econom\u00eda circular, negocios verdes y productos de temporada. Siete municipios nortesantandereanos tuvieron representaci\u00f3n en la muestra comercial. La iniciativa ofreci\u00f3 oportunidades de ventas y potenci\u00f3 el relacionamiento y la articulaci\u00f3n entre los expositores.<\/span><\/strong><\/p>\n<p><a href=\"https:\/\/contraluzcucuta.co\/wp-content\/uploads\/2025\/10\/FERIA-ITINERANTE-2.jpg\"><img loading=\"lazy\" decoding=\"async\" class=\"alignnone  wp-image-45670 alignleft\" src=\"https:\/\/contraluzcucuta.co\/wp-content\/uploads\/2025\/10\/FERIA-ITINERANTE-2-300x169.jpg\" alt=\"\" width=\"250\" height=\"141\" srcset=\"https:\/\/contraluzcucuta.co\/wp-content\/uploads\/2025\/10\/FERIA-ITINERANTE-2-300x169.jpg 300w, https:\/\/contraluzcucuta.co\/wp-content\/uploads\/2025\/10\/FERIA-ITINERANTE-2-1024x576.jpg 1024w, https:\/\/contraluzcucuta.co\/wp-content\/uploads\/2025\/10\/FERIA-ITINERANTE-2-768x432.jpg 768w, https:\/\/contraluzcucuta.co\/wp-content\/uploads\/2025\/10\/FERIA-ITINERANTE-2-600x338.jpg 600w, https:\/\/contraluzcucuta.co\/wp-content\/uploads\/2025\/10\/FERIA-ITINERANTE-2.jpg 1280w\" sizes=\"auto, (max-width: 250px) 100vw, 250px\" \/><\/a><\/p>\n<p>La actividad, liderada por la secretar\u00eda de Desarrollo Econ\u00f3mico y Productividad de Norte de Santander, la Red Regional de Emprendimiento y la C\u00e1mara de Comercio de C\u00facuta, incluy\u00f3 muestras culturales, presentaciones musicales de circo y tamboras.<\/p>\n<p>\u00abEl prop\u00f3sito era que los emprendedores de todas las l\u00edneas productivas del departamento accedieran al escenario real de relacionamiento comercial y de contacto directo con compradores\u201d, dijo el secretario de Desarrollo Econ\u00f3mico y Productividad, Olger L\u00f3pez.<\/p>\n<p>El balance es satisfactorio debido a que se lograron buenas ventas. \u201cHubo marcas que agotaron el inventario antes de tiempo y generaron v\u00ednculos s\u00f3lidos entre los emprendedores, lo que fortalece el ecosistema local\u201d, puntualiz\u00f3 L\u00f3pez.<\/p>\n<p>La experiencia fue significativa para los participantes, expres\u00f3 Alejandra Arciniegas Vera, emprendedora pamplonesa. \u00abLa experiencia ha sido enriquecedora, porque nos permiti\u00f3 interactuar con la gente.Muchos personas vinieron el primer d\u00eda y volvieron el \u00faltimo para concretar las compras\u201d.<\/p>\n<p>Carmen Alicia Blanco, de Oca\u00f1a, resalt\u00f3 que su emprendimiento cuenta ahora con mayor cantidad de clientes potenciales. \u00abLa feria nos visibiliz\u00f3. Logramos ventas el mismo d\u00eda y abrimos contactos para futuras ventas, porque me han hecho pedidos, personas que pasaban y se llevaban la tarjeta de presentaci\u00f3n\u201d.<\/p>\n<p>La secretar\u00eda de Desarrollo Econ\u00f3mico y Productividad anunci\u00f3 que pr\u00f3ximamente se abrir\u00e1 nueva convocatoria para llevar la feria itinerante a otro centro comercial de la ciudad, multiplicar las opciones para los emprendedores nortesantandereanos y fortalecer el tejido comercial del departamento.<\/p>\n<p>Isabel Obando &#8211; @GoberNorte<\/p>\n","protected":false},"excerpt":{"rendered":"<p>C\u00daCUTA. La primera edici\u00f3n del Pop-Up Market (feria itinerante de corta duraci\u00f3n) reuni\u00f3 en C\u00facuta emprendimientos de tecnolog\u00eda, innovaci\u00f3n, econom\u00eda circular, negocios verdes y productos de temporada. Siete municipios nortesantandereanos tuvieron representaci\u00f3n en la muestra comercial. La iniciativa ofreci\u00f3 oportunidades de ventas y potenci\u00f3 el relacionamiento y la articulaci\u00f3n entre los expositores. La actividad, liderada &hellip;<\/p>\n","protected":false},"author":1,"featured_media":45669,"comment_status":"open","ping_status":"open","sticky":false,"template":"","format":"standard","meta":{"footnotes":""},"categories":[4,6],"tags":[375,7274,7275,3925],"class_list":["post-45668","post","type-post","status-publish","format-standard","has-post-thumbnail","hentry","category-barra","category-ojo-avizor","tag-camara-de-comercio-de-cucuta","tag-feria-itinerante","tag-red-regional-de-emprendimiento","tag-secretaria-de-desarrollo-economico"],"_links":{"self":[{"href":"https:\/\/contraluzcucuta.co\/index.php?rest_route=\/wp\/v2\/posts\/45668","targetHints":{"allow":["GET"]}}],"collection":[{"href":"https:\/\/contraluzcucuta.co\/index.php?rest_route=\/wp\/v2\/posts"}],"about":[{"href":"https:\/\/contraluzcucuta.co\/index.php?rest_route=\/wp\/v2\/types\/post"}],"author":[{"embeddable":true,"href":"https:\/\/contraluzcucuta.co\/index.php?rest_route=\/wp\/v2\/users\/1"}],"replies":[{"embeddable":true,"href":"https:\/\/contraluzcucuta.co\/index.php?rest_route=%2Fwp%2Fv2%2Fcomments&post=45668"}],"version-history":[{"count":1,"href":"https:\/\/contraluzcucuta.co\/index.php?rest_route=\/wp\/v2\/posts\/45668\/revisions"}],"predecessor-version":[{"id":45671,"href":"https:\/\/contraluzcucuta.co\/index.php?rest_route=\/wp\/v2\/posts\/45668\/revisions\/45671"}],"wp:featuredmedia":[{"embeddable":true,"href":"https:\/\/contraluzcucuta.co\/index.php?rest_route=\/wp\/v2\/media\/45669"}],"wp:attachment":[{"href":"https:\/\/contraluzcucuta.co\/index.php?rest_route=%2Fwp%2Fv2%2Fmedia&parent=45668"}],"wp:term":[{"taxonomy":"category","embeddable":true,"href":"https:\/\/contraluzcucuta.co\/index.php?rest_route=%2Fwp%2Fv2%2Fcategories&post=45668"},{"taxonomy":"post_tag","embeddable":true,"href":"https:\/\/contraluzcucuta.co\/index.php?rest_route=%2Fwp%2Fv2%2Ftags&post=45668"}],"curies":[{"name":"wp","href":"https:\/\/api.w.org\/{rel}","templated":true}]}}