{"id":45653,"date":"2025-10-05T09:42:09","date_gmt":"2025-10-05T14:42:09","guid":{"rendered":"https:\/\/contraluzcucuta.co\/?p=45653"},"modified":"2025-10-05T09:42:09","modified_gmt":"2025-10-05T14:42:09","slug":"bibliovacaciones-2025-imaginacion-y-creatividad-alrededor-de-los-libros","status":"publish","type":"post","link":"https:\/\/contraluzcucuta.co\/?p=45653","title":{"rendered":"BIBLIOVACACIONES 2025. Imaginaci\u00f3n y creatividad alrededor de los libros"},"content":{"rendered":"<p style=\"text-align: right;\"><strong>C\u00daCUTA.<\/strong><\/p>\n<p><span style=\"color: #ff9900;\">Las Bibliovacaciones son el espacio creado para fomentar el amor por la lectura y fortalecer los procesos de aprendizaje de ni\u00f1os y familias. Del 6 al 10 de octubre, las salas de lectura y bibliotecas p\u00fablicas de las zonas urbana y rural del municipio abrir\u00e1n las puertas.<\/span><\/p>\n<p style=\"text-align: center;\"><a href=\"https:\/\/contraluzcucuta.co\/wp-content\/uploads\/2025\/10\/BIBLIOVACACIONES-2.jpg\"><img loading=\"lazy\" decoding=\"async\" class=\"alignnone size-medium wp-image-45655\" src=\"https:\/\/contraluzcucuta.co\/wp-content\/uploads\/2025\/10\/BIBLIOVACACIONES-2-240x300.jpg\" alt=\"\" width=\"240\" height=\"300\" srcset=\"https:\/\/contraluzcucuta.co\/wp-content\/uploads\/2025\/10\/BIBLIOVACACIONES-2-240x300.jpg 240w, https:\/\/contraluzcucuta.co\/wp-content\/uploads\/2025\/10\/BIBLIOVACACIONES-2-819x1024.jpg 819w, https:\/\/contraluzcucuta.co\/wp-content\/uploads\/2025\/10\/BIBLIOVACACIONES-2-768x960.jpg 768w, https:\/\/contraluzcucuta.co\/wp-content\/uploads\/2025\/10\/BIBLIOVACACIONES-2-600x750.jpg 600w, https:\/\/contraluzcucuta.co\/wp-content\/uploads\/2025\/10\/BIBLIOVACACIONES-2.jpg 1080w\" sizes=\"auto, (max-width: 240px) 100vw, 240px\" \/><\/a> <a href=\"https:\/\/contraluzcucuta.co\/wp-content\/uploads\/2025\/10\/BIBLIOVACACIONES-3.jpg\"><img loading=\"lazy\" decoding=\"async\" class=\"alignnone size-medium wp-image-45656\" src=\"https:\/\/contraluzcucuta.co\/wp-content\/uploads\/2025\/10\/BIBLIOVACACIONES-3-240x300.jpg\" alt=\"\" width=\"240\" height=\"300\" srcset=\"https:\/\/contraluzcucuta.co\/wp-content\/uploads\/2025\/10\/BIBLIOVACACIONES-3-240x300.jpg 240w, https:\/\/contraluzcucuta.co\/wp-content\/uploads\/2025\/10\/BIBLIOVACACIONES-3-819x1024.jpg 819w, https:\/\/contraluzcucuta.co\/wp-content\/uploads\/2025\/10\/BIBLIOVACACIONES-3-768x960.jpg 768w, https:\/\/contraluzcucuta.co\/wp-content\/uploads\/2025\/10\/BIBLIOVACACIONES-3-600x750.jpg 600w, https:\/\/contraluzcucuta.co\/wp-content\/uploads\/2025\/10\/BIBLIOVACACIONES-3.jpg 1080w\" sizes=\"auto, (max-width: 240px) 100vw, 240px\" \/><\/a><\/p>\n<p>La programaci\u00f3n comprender\u00e1 actividades l\u00fadicas, recreativas y pedag\u00f3gicas, dise\u00f1adas para promover la imaginaci\u00f3n, la creatividad y el encuentro alrededor de los libros.<\/p>\n<p><a href=\"https:\/\/contraluzcucuta.co\/wp-content\/uploads\/2025\/10\/BIBLIOVACACIONES-4.jpg\"><img loading=\"lazy\" decoding=\"async\" class=\"alignnone  wp-image-45657 alignleft\" src=\"https:\/\/contraluzcucuta.co\/wp-content\/uploads\/2025\/10\/BIBLIOVACACIONES-4-240x300.jpg\" alt=\"\" width=\"218\" height=\"273\" srcset=\"https:\/\/contraluzcucuta.co\/wp-content\/uploads\/2025\/10\/BIBLIOVACACIONES-4-240x300.jpg 240w, https:\/\/contraluzcucuta.co\/wp-content\/uploads\/2025\/10\/BIBLIOVACACIONES-4-819x1024.jpg 819w, https:\/\/contraluzcucuta.co\/wp-content\/uploads\/2025\/10\/BIBLIOVACACIONES-4-768x960.jpg 768w, https:\/\/contraluzcucuta.co\/wp-content\/uploads\/2025\/10\/BIBLIOVACACIONES-4-600x750.jpg 600w, https:\/\/contraluzcucuta.co\/wp-content\/uploads\/2025\/10\/BIBLIOVACACIONES-4.jpg 1080w\" sizes=\"auto, (max-width: 218px) 100vw, 218px\" \/><\/a><\/p>\n<p>La Red Municipal de Lectura y Escritura de C\u00facuta, la secretar\u00eda de Cultura y Patrimonio y la Alcald\u00eda de C\u00facuta reafirmaron el compromiso con la formaci\u00f3n y el desarrollo integral. \u201cLas Bibliovacaciones son la oportunidad para descubrir el poder transformador de la lectura, fortalecer lazos comunitarios y reconocer a las bibliotecas como espacios vivos de encuentro, aprendizaje y creaci\u00f3n\u201d, dijo Nadim Bayona P\u00e9rez, secretario de Cultura y Patrimonio de C\u00facuta.<\/p>\n<p>La iniciativa busca ofrecer a la comunidad oportunidades de esparcimiento, formaci\u00f3n y disfrute cultural, consolidar a las bibliotecas como espacios de inclusi\u00f3n, participaci\u00f3n y construcci\u00f3n colectiva del conocimiento.<\/p>\n<p>&nbsp;<\/p>\n","protected":false},"excerpt":{"rendered":"<p>C\u00daCUTA. Las Bibliovacaciones son el espacio creado para fomentar el amor por la lectura y fortalecer los procesos de aprendizaje de ni\u00f1os y familias. Del 6 al 10 de octubre, las salas de lectura y bibliotecas p\u00fablicas de las zonas urbana y rural del municipio abrir\u00e1n las puertas. La programaci\u00f3n comprender\u00e1 actividades l\u00fadicas, recreativas y &hellip;<\/p>\n","protected":false},"author":1,"featured_media":45654,"comment_status":"open","ping_status":"open","sticky":false,"template":"","format":"standard","meta":{"footnotes":""},"categories":[4,37],"tags":[226,748,7270,6685,603],"class_list":["post-45653","post","type-post","status-publish","format-standard","has-post-thumbnail","hentry","category-barra","category-paseo-cultural","tag-alcaldia-de-cucuta","tag-bibliotecas-publicas-de-cucuta","tag-bibliovacaciones","tag-red-municipal-de-lectura-y-escritura","tag-secretaria-de-cultura-de-cucuta"],"_links":{"self":[{"href":"https:\/\/contraluzcucuta.co\/index.php?rest_route=\/wp\/v2\/posts\/45653","targetHints":{"allow":["GET"]}}],"collection":[{"href":"https:\/\/contraluzcucuta.co\/index.php?rest_route=\/wp\/v2\/posts"}],"about":[{"href":"https:\/\/contraluzcucuta.co\/index.php?rest_route=\/wp\/v2\/types\/post"}],"author":[{"embeddable":true,"href":"https:\/\/contraluzcucuta.co\/index.php?rest_route=\/wp\/v2\/users\/1"}],"replies":[{"embeddable":true,"href":"https:\/\/contraluzcucuta.co\/index.php?rest_route=%2Fwp%2Fv2%2Fcomments&post=45653"}],"version-history":[{"count":1,"href":"https:\/\/contraluzcucuta.co\/index.php?rest_route=\/wp\/v2\/posts\/45653\/revisions"}],"predecessor-version":[{"id":45658,"href":"https:\/\/contraluzcucuta.co\/index.php?rest_route=\/wp\/v2\/posts\/45653\/revisions\/45658"}],"wp:featuredmedia":[{"embeddable":true,"href":"https:\/\/contraluzcucuta.co\/index.php?rest_route=\/wp\/v2\/media\/45654"}],"wp:attachment":[{"href":"https:\/\/contraluzcucuta.co\/index.php?rest_route=%2Fwp%2Fv2%2Fmedia&parent=45653"}],"wp:term":[{"taxonomy":"category","embeddable":true,"href":"https:\/\/contraluzcucuta.co\/index.php?rest_route=%2Fwp%2Fv2%2Fcategories&post=45653"},{"taxonomy":"post_tag","embeddable":true,"href":"https:\/\/contraluzcucuta.co\/index.php?rest_route=%2Fwp%2Fv2%2Ftags&post=45653"}],"curies":[{"name":"wp","href":"https:\/\/api.w.org\/{rel}","templated":true}]}}