{"id":45632,"date":"2025-10-02T18:56:11","date_gmt":"2025-10-02T23:56:11","guid":{"rendered":"https:\/\/contraluzcucuta.co\/?p=45632"},"modified":"2025-10-02T18:57:18","modified_gmt":"2025-10-02T23:57:18","slug":"incendio-estructural-atencion-de-emergencia-en-el-barrio-carlos-ramirez-paris","status":"publish","type":"post","link":"https:\/\/contraluzcucuta.co\/?p=45632","title":{"rendered":"INCENDIO ESTRUCTURAL. Atenci\u00f3n de emergencia en el barrio Carlos Ram\u00edrez Par\u00eds"},"content":{"rendered":"<p style=\"text-align: right;\"><strong>C\u00daCUTA.<\/strong><\/p>\n<p><strong><span style=\"color: #ff9900;\">Dos carpinter\u00edas y tres viviendas quedaron afectadas luego del incendio estructural, en el barrio Carlos Ram\u00edrez Par\u00eds (Comuna 8). El Cuerpo de Bomberos Voluntarios de C\u00facuta acudi\u00f3 al lugar para atender la situaci\u00f3n. Funcionarios de la Secretar\u00eda de Gesti\u00f3n del Riesgo de Desastres evaluaron los da\u00f1os y adelantaron el an\u00e1lisis de necesidades.<\/span><\/strong><\/p>\n<p style=\"text-align: center;\"><a href=\"https:\/\/contraluzcucuta.co\/wp-content\/uploads\/2025\/10\/INCENDIO-ESTRUCTURAL-1.jpg\"><img loading=\"lazy\" decoding=\"async\" class=\"alignnone size-medium wp-image-45634\" src=\"https:\/\/contraluzcucuta.co\/wp-content\/uploads\/2025\/10\/INCENDIO-ESTRUCTURAL-1-300x225.jpg\" alt=\"\" width=\"300\" height=\"225\" srcset=\"https:\/\/contraluzcucuta.co\/wp-content\/uploads\/2025\/10\/INCENDIO-ESTRUCTURAL-1-300x225.jpg 300w, https:\/\/contraluzcucuta.co\/wp-content\/uploads\/2025\/10\/INCENDIO-ESTRUCTURAL-1-1024x768.jpg 1024w, https:\/\/contraluzcucuta.co\/wp-content\/uploads\/2025\/10\/INCENDIO-ESTRUCTURAL-1-768x576.jpg 768w, https:\/\/contraluzcucuta.co\/wp-content\/uploads\/2025\/10\/INCENDIO-ESTRUCTURAL-1-600x450.jpg 600w, https:\/\/contraluzcucuta.co\/wp-content\/uploads\/2025\/10\/INCENDIO-ESTRUCTURAL-1.jpg 1280w\" sizes=\"auto, (max-width: 300px) 100vw, 300px\" \/><\/a> <a href=\"https:\/\/contraluzcucuta.co\/wp-content\/uploads\/2025\/10\/INCENDIO-ESTRUCTURAL-3.jpg\"><img loading=\"lazy\" decoding=\"async\" class=\"alignnone size-medium wp-image-45635\" src=\"https:\/\/contraluzcucuta.co\/wp-content\/uploads\/2025\/10\/INCENDIO-ESTRUCTURAL-3-300x225.jpg\" alt=\"\" width=\"300\" height=\"225\" srcset=\"https:\/\/contraluzcucuta.co\/wp-content\/uploads\/2025\/10\/INCENDIO-ESTRUCTURAL-3-300x225.jpg 300w, https:\/\/contraluzcucuta.co\/wp-content\/uploads\/2025\/10\/INCENDIO-ESTRUCTURAL-3-1024x768.jpg 1024w, https:\/\/contraluzcucuta.co\/wp-content\/uploads\/2025\/10\/INCENDIO-ESTRUCTURAL-3-768x576.jpg 768w, https:\/\/contraluzcucuta.co\/wp-content\/uploads\/2025\/10\/INCENDIO-ESTRUCTURAL-3-600x450.jpg 600w, https:\/\/contraluzcucuta.co\/wp-content\/uploads\/2025\/10\/INCENDIO-ESTRUCTURAL-3.jpg 1280w\" sizes=\"auto, (max-width: 300px) 100vw, 300px\" \/><\/a><\/p>\n<p>El fin fue programar la entrega de ayudas humanitarias y materiales de rehabilitaci\u00f3n para las familias afectadas. \u201cDesde la administraci\u00f3n municipal y la Secretar\u00eda estamos atentos para acudir de manera oportuna a las emergencias\u201d, dijo Fabi\u00e1n Prato, titular del despacho municipal.<\/p>\n<p>La Alcald\u00eda recomend\u00f3 a la ciudadan\u00eda adoptar medidas preventivas en viviendas y establecimientos comerciales para evitar incendios:<\/p>\n<ul>\n<li>Revisar peri\u00f3dicamente las instalaciones el\u00e9ctricas y evitar sobrecargas en tomacorrientes.<\/li>\n<li>No dejar velas, estufas o equipos el\u00e9ctricos encendidos sin supervisi\u00f3n.<\/li>\n<li>Mantener extintores en lugares visibles y en buen estado de funcionamiento.<\/li>\n<li>Disponer de salidas de emergencia despejadas y contar con planes de evacuaci\u00f3n familiar y empresarial.<\/li>\n<li>Almacenar productos inflamables en sitios seguros y ventilados.<\/li>\n<li>Contar con p\u00f3lizas y seguros que los cubran en caso de emergencia.<\/li>\n<\/ul>\n","protected":false},"excerpt":{"rendered":"<p>C\u00daCUTA. Dos carpinter\u00edas y tres viviendas quedaron afectadas luego del incendio estructural, en el barrio Carlos Ram\u00edrez Par\u00eds (Comuna 8). El Cuerpo de Bomberos Voluntarios de C\u00facuta acudi\u00f3 al lugar para atender la situaci\u00f3n. Funcionarios de la Secretar\u00eda de Gesti\u00f3n del Riesgo de Desastres evaluaron los da\u00f1os y adelantaron el an\u00e1lisis de necesidades. El fin &hellip;<\/p>\n","protected":false},"author":1,"featured_media":45633,"comment_status":"open","ping_status":"open","sticky":false,"template":"","format":"standard","meta":{"footnotes":""},"categories":[11,4],"tags":[7265,7264,4165],"class_list":["post-45632","post","type-post","status-publish","format-standard","has-post-thumbnail","hentry","category-cronica-roja","category-barra","tag-barrio-carlos-ramirez-paris","tag-cuerpo-de-bomberos-voluntarios","tag-secretaria-de-gestion-del-riesgo"],"_links":{"self":[{"href":"https:\/\/contraluzcucuta.co\/index.php?rest_route=\/wp\/v2\/posts\/45632","targetHints":{"allow":["GET"]}}],"collection":[{"href":"https:\/\/contraluzcucuta.co\/index.php?rest_route=\/wp\/v2\/posts"}],"about":[{"href":"https:\/\/contraluzcucuta.co\/index.php?rest_route=\/wp\/v2\/types\/post"}],"author":[{"embeddable":true,"href":"https:\/\/contraluzcucuta.co\/index.php?rest_route=\/wp\/v2\/users\/1"}],"replies":[{"embeddable":true,"href":"https:\/\/contraluzcucuta.co\/index.php?rest_route=%2Fwp%2Fv2%2Fcomments&post=45632"}],"version-history":[{"count":2,"href":"https:\/\/contraluzcucuta.co\/index.php?rest_route=\/wp\/v2\/posts\/45632\/revisions"}],"predecessor-version":[{"id":45637,"href":"https:\/\/contraluzcucuta.co\/index.php?rest_route=\/wp\/v2\/posts\/45632\/revisions\/45637"}],"wp:featuredmedia":[{"embeddable":true,"href":"https:\/\/contraluzcucuta.co\/index.php?rest_route=\/wp\/v2\/media\/45633"}],"wp:attachment":[{"href":"https:\/\/contraluzcucuta.co\/index.php?rest_route=%2Fwp%2Fv2%2Fmedia&parent=45632"}],"wp:term":[{"taxonomy":"category","embeddable":true,"href":"https:\/\/contraluzcucuta.co\/index.php?rest_route=%2Fwp%2Fv2%2Fcategories&post=45632"},{"taxonomy":"post_tag","embeddable":true,"href":"https:\/\/contraluzcucuta.co\/index.php?rest_route=%2Fwp%2Fv2%2Ftags&post=45632"}],"curies":[{"name":"wp","href":"https:\/\/api.w.org\/{rel}","templated":true}]}}