{"id":45620,"date":"2025-10-02T15:21:43","date_gmt":"2025-10-02T20:21:43","guid":{"rendered":"https:\/\/contraluzcucuta.co\/?p=45620"},"modified":"2025-10-02T15:21:43","modified_gmt":"2025-10-02T20:21:43","slug":"trata-de-personas-cucuta-fortalece-la-lucha-para-proteger-la-dignidad-humana","status":"publish","type":"post","link":"https:\/\/contraluzcucuta.co\/?p=45620","title":{"rendered":"TRATA DE PERSONAS. C\u00facuta fortalece la lucha para proteger la dignidad humana"},"content":{"rendered":"<p style=\"text-align: right;\"><strong>C\u00daCUTA.<\/strong><\/p>\n<p><strong><span style=\"color: #ff9900;\">La secretar\u00eda de Gobierno, y desde el Comit\u00e9 de Lucha contra la Trata de Personas, adelanta diversas estrategias con el objetivo de proteger la vida, la libertad y la dignidad de las v\u00edctimas y potenciales v\u00edctimas del delito. La administraci\u00f3n municipal trabaja con instituciones para prevenir que m\u00e1s personas sean captadas, trasladadas y explotadas mediante enga\u00f1os, amenazas o violencia.<\/span><\/strong><\/p>\n<p><a href=\"https:\/\/contraluzcucuta.co\/wp-content\/uploads\/2025\/10\/TRATA-DE-PERSONAS-11.jpg\"><img loading=\"lazy\" decoding=\"async\" class=\"alignnone  wp-image-45622 alignleft\" src=\"https:\/\/contraluzcucuta.co\/wp-content\/uploads\/2025\/10\/TRATA-DE-PERSONAS-11-300x225.jpg\" alt=\"\" width=\"248\" height=\"186\" srcset=\"https:\/\/contraluzcucuta.co\/wp-content\/uploads\/2025\/10\/TRATA-DE-PERSONAS-11-300x225.jpg 300w, https:\/\/contraluzcucuta.co\/wp-content\/uploads\/2025\/10\/TRATA-DE-PERSONAS-11-1024x768.jpg 1024w, https:\/\/contraluzcucuta.co\/wp-content\/uploads\/2025\/10\/TRATA-DE-PERSONAS-11-768x576.jpg 768w, https:\/\/contraluzcucuta.co\/wp-content\/uploads\/2025\/10\/TRATA-DE-PERSONAS-11-600x450.jpg 600w, https:\/\/contraluzcucuta.co\/wp-content\/uploads\/2025\/10\/TRATA-DE-PERSONAS-11.jpg 1280w\" sizes=\"auto, (max-width: 248px) 100vw, 248px\" \/><\/a><\/p>\n<p>El secretario de Gobierno, Miguel Castellanos, indic\u00f3 que \u201ctrabajamos para fortalecer la cultura de denuncia y la corresponsabilidad ciudadana\u201d. Pidi\u00f3 a la comunidad que identifique y rechace cualquier manera de trata.<\/p>\n<p>La ruta de atenci\u00f3n a las v\u00edctimas ofrece acompa\u00f1amiento, asistencia material, atenci\u00f3n m\u00e9dica y psicol\u00f3gica, asesor\u00eda jur\u00eddica, acceso a educaci\u00f3n y apoyo en proyectos de generaci\u00f3n de ingresos.<\/p>\n<p>El Comit\u00e9 de Lucha contra la Trata de Personas de C\u00facuta tiene como prop\u00f3sito facilitar la coordinaci\u00f3n, la articulaci\u00f3n y la sostenibilidad de las acciones interinstitucionales de las entidades que lo integran, enfocadas en la identificaci\u00f3n, asistencia y protecci\u00f3n de las v\u00edctimas de este delito.<\/p>\n<p>&nbsp;<\/p>\n<p><a href=\"https:\/\/contraluzcucuta.co\/wp-content\/uploads\/2025\/10\/TRATA-DE-PERSONAS-10.jpg\"><img loading=\"lazy\" decoding=\"async\" class=\"alignnone  wp-image-45623 alignleft\" src=\"https:\/\/contraluzcucuta.co\/wp-content\/uploads\/2025\/10\/TRATA-DE-PERSONAS-10-300x225.jpg\" alt=\"\" width=\"249\" height=\"187\" srcset=\"https:\/\/contraluzcucuta.co\/wp-content\/uploads\/2025\/10\/TRATA-DE-PERSONAS-10-300x225.jpg 300w, https:\/\/contraluzcucuta.co\/wp-content\/uploads\/2025\/10\/TRATA-DE-PERSONAS-10-1024x768.jpg 1024w, https:\/\/contraluzcucuta.co\/wp-content\/uploads\/2025\/10\/TRATA-DE-PERSONAS-10-768x576.jpg 768w, https:\/\/contraluzcucuta.co\/wp-content\/uploads\/2025\/10\/TRATA-DE-PERSONAS-10-600x450.jpg 600w, https:\/\/contraluzcucuta.co\/wp-content\/uploads\/2025\/10\/TRATA-DE-PERSONAS-10.jpg 1280w\" sizes=\"auto, (max-width: 249px) 100vw, 249px\" \/><\/a><\/p>\n<p><strong>Tipos de explotaci\u00f3n en la trata de personas<\/strong><\/p>\n<p>En C\u00facuta, la trata de personas puede manifestarse de distintas maneras de explotaci\u00f3n:<\/p>\n<ul>\n<li>Prostituci\u00f3n ajena u otras formas de explotaci\u00f3n sexual.<\/li>\n<li>Trabajos o servicios forzados.<\/li>\n<li>Esclavitud o pr\u00e1cticas similares.<\/li>\n<li>Servidumbre.<\/li>\n<li>Mendicidad ajena.<\/li>\n<li>Matrimonio servil.<\/li>\n<li>Extracci\u00f3n de \u00f3rganos.<\/li>\n<li>Explotaci\u00f3n sexual en contextos de turismo.<\/li>\n<\/ul>\n","protected":false},"excerpt":{"rendered":"<p>C\u00daCUTA. La secretar\u00eda de Gobierno, y desde el Comit\u00e9 de Lucha contra la Trata de Personas, adelanta diversas estrategias con el objetivo de proteger la vida, la libertad y la dignidad de las v\u00edctimas y potenciales v\u00edctimas del delito. La administraci\u00f3n municipal trabaja con instituciones para prevenir que m\u00e1s personas sean captadas, trasladadas y explotadas &hellip;<\/p>\n","protected":false},"author":1,"featured_media":45621,"comment_status":"open","ping_status":"open","sticky":false,"template":"","format":"standard","meta":{"footnotes":""},"categories":[11,4],"tags":[7261,2934],"class_list":["post-45620","post","type-post","status-publish","format-standard","has-post-thumbnail","hentry","category-cronica-roja","category-barra","tag-comite-de-lucha-contra-la-trata-de-personas","tag-secretaria-de-gobierno"],"_links":{"self":[{"href":"https:\/\/contraluzcucuta.co\/index.php?rest_route=\/wp\/v2\/posts\/45620","targetHints":{"allow":["GET"]}}],"collection":[{"href":"https:\/\/contraluzcucuta.co\/index.php?rest_route=\/wp\/v2\/posts"}],"about":[{"href":"https:\/\/contraluzcucuta.co\/index.php?rest_route=\/wp\/v2\/types\/post"}],"author":[{"embeddable":true,"href":"https:\/\/contraluzcucuta.co\/index.php?rest_route=\/wp\/v2\/users\/1"}],"replies":[{"embeddable":true,"href":"https:\/\/contraluzcucuta.co\/index.php?rest_route=%2Fwp%2Fv2%2Fcomments&post=45620"}],"version-history":[{"count":1,"href":"https:\/\/contraluzcucuta.co\/index.php?rest_route=\/wp\/v2\/posts\/45620\/revisions"}],"predecessor-version":[{"id":45624,"href":"https:\/\/contraluzcucuta.co\/index.php?rest_route=\/wp\/v2\/posts\/45620\/revisions\/45624"}],"wp:featuredmedia":[{"embeddable":true,"href":"https:\/\/contraluzcucuta.co\/index.php?rest_route=\/wp\/v2\/media\/45621"}],"wp:attachment":[{"href":"https:\/\/contraluzcucuta.co\/index.php?rest_route=%2Fwp%2Fv2%2Fmedia&parent=45620"}],"wp:term":[{"taxonomy":"category","embeddable":true,"href":"https:\/\/contraluzcucuta.co\/index.php?rest_route=%2Fwp%2Fv2%2Fcategories&post=45620"},{"taxonomy":"post_tag","embeddable":true,"href":"https:\/\/contraluzcucuta.co\/index.php?rest_route=%2Fwp%2Fv2%2Ftags&post=45620"}],"curies":[{"name":"wp","href":"https:\/\/api.w.org\/{rel}","templated":true}]}}