{"id":45561,"date":"2025-09-28T09:58:41","date_gmt":"2025-09-28T14:58:41","guid":{"rendered":"https:\/\/contraluzcucuta.co\/?p=45561"},"modified":"2025-09-28T09:58:41","modified_gmt":"2025-09-28T14:58:41","slug":"aguas-kpital-disminucion-de-la-produccion-de-agua-potable","status":"publish","type":"post","link":"https:\/\/contraluzcucuta.co\/?p=45561","title":{"rendered":"AGUAS KPITAL. Disminuci\u00f3n de la producci\u00f3n de agua potable"},"content":{"rendered":"<p style=\"text-align: right;\"><strong>C\u00daCUTA.<\/strong><\/p>\n<p><strong><span style=\"color: #ff9900;\">Durante 13 horas, este lunes, se tendr\u00e1 disminuci\u00f3n en la producci\u00f3n de agua potable. Aguas Kpital inform\u00f3 que, por actividades de mantenimiento en la planta El P\u00f3rtico y en otros componentes del Sistema R\u00edo Pamplonita, habr\u00e1 afectaci\u00f3n del servicio de acueducto. El corte ser\u00e1 entre las 7:00 de la ma\u00f1ana y las 8:00 de la noche.<\/span><\/strong><\/p>\n<p>En los sectores abastecidos desde el Sistema R\u00edo Zulia, que corresponden a los localizados en la ruta Planta Carmen de Tonchal\u00e1-estaci\u00f3n Nidia y los de la Ciudadela Juan Atalaya, el servicio se mantendr\u00e1 en condiciones normales.<\/p>\n<p>La empresa invit\u00f3 a la comunidad afectada a aprovisionarse de agua y utilizar tanques limpios y tapados para garantizar la calidad del l\u00edquido.<\/p>\n","protected":false},"excerpt":{"rendered":"<p>C\u00daCUTA. Durante 13 horas, este lunes, se tendr\u00e1 disminuci\u00f3n en la producci\u00f3n de agua potable. Aguas Kpital inform\u00f3 que, por actividades de mantenimiento en la planta El P\u00f3rtico y en otros componentes del Sistema R\u00edo Pamplonita, habr\u00e1 afectaci\u00f3n del servicio de acueducto. El corte ser\u00e1 entre las 7:00 de la ma\u00f1ana y las 8:00 de &hellip;<\/p>\n","protected":false},"author":1,"featured_media":45562,"comment_status":"open","ping_status":"open","sticky":false,"template":"","format":"standard","meta":{"footnotes":""},"categories":[45,4],"tags":[1270,921,7241],"class_list":["post-45561","post","type-post","status-publish","format-standard","has-post-thumbnail","hentry","category-destacado","category-barra","tag-aguas-kpital-cucuta","tag-planta-el-portico","tag-sistema-rio-pamplonita"],"_links":{"self":[{"href":"https:\/\/contraluzcucuta.co\/index.php?rest_route=\/wp\/v2\/posts\/45561","targetHints":{"allow":["GET"]}}],"collection":[{"href":"https:\/\/contraluzcucuta.co\/index.php?rest_route=\/wp\/v2\/posts"}],"about":[{"href":"https:\/\/contraluzcucuta.co\/index.php?rest_route=\/wp\/v2\/types\/post"}],"author":[{"embeddable":true,"href":"https:\/\/contraluzcucuta.co\/index.php?rest_route=\/wp\/v2\/users\/1"}],"replies":[{"embeddable":true,"href":"https:\/\/contraluzcucuta.co\/index.php?rest_route=%2Fwp%2Fv2%2Fcomments&post=45561"}],"version-history":[{"count":1,"href":"https:\/\/contraluzcucuta.co\/index.php?rest_route=\/wp\/v2\/posts\/45561\/revisions"}],"predecessor-version":[{"id":45563,"href":"https:\/\/contraluzcucuta.co\/index.php?rest_route=\/wp\/v2\/posts\/45561\/revisions\/45563"}],"wp:featuredmedia":[{"embeddable":true,"href":"https:\/\/contraluzcucuta.co\/index.php?rest_route=\/wp\/v2\/media\/45562"}],"wp:attachment":[{"href":"https:\/\/contraluzcucuta.co\/index.php?rest_route=%2Fwp%2Fv2%2Fmedia&parent=45561"}],"wp:term":[{"taxonomy":"category","embeddable":true,"href":"https:\/\/contraluzcucuta.co\/index.php?rest_route=%2Fwp%2Fv2%2Fcategories&post=45561"},{"taxonomy":"post_tag","embeddable":true,"href":"https:\/\/contraluzcucuta.co\/index.php?rest_route=%2Fwp%2Fv2%2Ftags&post=45561"}],"curies":[{"name":"wp","href":"https:\/\/api.w.org\/{rel}","templated":true}]}}