{"id":45553,"date":"2025-09-27T07:18:35","date_gmt":"2025-09-27T12:18:35","guid":{"rendered":"https:\/\/contraluzcucuta.co\/?p=45553"},"modified":"2025-09-27T07:18:35","modified_gmt":"2025-09-27T12:18:35","slug":"semana-de-la-solidaridad-en-cucuta-mas-de-10-000-animales-estan-en-condicion-de-vulnerabilidad","status":"publish","type":"post","link":"https:\/\/contraluzcucuta.co\/?p=45553","title":{"rendered":"SEMANA DE LA SOLIDARIDAD. En C\u00facuta m\u00e1s de 10.000 animales est\u00e1n en condici\u00f3n de vulnerabilidad"},"content":{"rendered":"<p style=\"text-align: right;\">\u00a0<strong>C\u00daCUTA.<\/strong><\/p>\n<p><strong><span style=\"color: #ff9900;\">La secretar\u00eda de Gobierno lidera la Semana de la Solidaridad, Protecci\u00f3n y Bienestar Animal, que se desarrollar\u00e1 entre el 28 de septiembre y el 4 de octubre de 2025. En C\u00facuta m\u00e1s de 10.000 animales est\u00e1n en condici\u00f3n de vulnerabilidad, 6000 habitan en albergues y hogares temporales caracterizados. El municipio cuenta con 179 albergues, hogares de paso y fundaciones que trabajan en favor del bienestar animal.<\/span><\/strong><\/p>\n<p><a href=\"https:\/\/contraluzcucuta.co\/wp-content\/uploads\/2025\/09\/SOLIDARIDAD-ANIMAL-2.jpg\"><img loading=\"lazy\" decoding=\"async\" class=\"alignnone  wp-image-45555 alignright\" src=\"https:\/\/contraluzcucuta.co\/wp-content\/uploads\/2025\/09\/SOLIDARIDAD-ANIMAL-2-300x214.jpg\" alt=\"\" width=\"251\" height=\"179\" srcset=\"https:\/\/contraluzcucuta.co\/wp-content\/uploads\/2025\/09\/SOLIDARIDAD-ANIMAL-2-300x214.jpg 300w, https:\/\/contraluzcucuta.co\/wp-content\/uploads\/2025\/09\/SOLIDARIDAD-ANIMAL-2-768x548.jpg 768w, https:\/\/contraluzcucuta.co\/wp-content\/uploads\/2025\/09\/SOLIDARIDAD-ANIMAL-2-600x428.jpg 600w, https:\/\/contraluzcucuta.co\/wp-content\/uploads\/2025\/09\/SOLIDARIDAD-ANIMAL-2.jpg 929w\" sizes=\"auto, (max-width: 251px) 100vw, 251px\" \/><\/a><\/p>\n<p>El secretario de Gobierno, Miguel Castellanos, dijo que \u201cbuscamos visibilizar la realidad de los animales y de los protectores, frente a la cual todos tenemos la obligaci\u00f3n de ser solidarios y trabajar unidos para garantizarles bienestar\u201d.<\/p>\n<p><strong>Caminata de la Zoolidaridad<\/strong><\/p>\n<p>El 28 de septiembre, a partir de las 7:30 de la ma\u00f1ana, se llevar\u00e1 a cabo la Caminata de la Zoolidaridad. Partir\u00e1 del Pat\u00edn de la Fruta hasta el letrero de Yo amo C\u00facuta, en El Malec\u00f3n. La Alcald\u00eda invita a la ciudadan\u00eda a participar junto con los animales de compa\u00f1\u00eda y a vivir un momento lleno de solidaridad, amor y empat\u00eda.<\/p>\n<p>Durante la jornada se ofrecer\u00e1n servicios gratuitos de vacunaci\u00f3n antirr\u00e1bica, corte de u\u00f1as y limpieza de o\u00eddos para perros y gatos. \u00a0La oferta institucional en bienestar animal comprende actividades pedag\u00f3gicas y de socializaci\u00f3n.<\/p>\n<p>Los asistentes est\u00e1n invitados a llevar donaciones de alimento para perros y gatos que se entregar\u00e1n a los albergues, el 29 de septiembre, en el Palacio Municipal. La meta es recaudar m\u00e1s de 10.000 kilos de concentrado.<\/p>\n<p><strong>Otras actividades<\/strong><\/p>\n<p>La Semana de la Solidaridad, Protecci\u00f3n y Bienestar Animal incluir\u00e1 capacitaciones dirigidas al fortalecimiento de la salud mental y emocional de cuidadores y protectores de animales:<\/p>\n<p>Taller: Mentes fuertes, corazones solidarios: cuidadores de animales y su bienestar emocional.<\/p>\n<p>Fecha: 30 de septiembre de 2025 \u2013 8:00 de la ma\u00f1ana<\/p>\n<p>Lugar: Museo de la Memoria (Calle 10 OE-100).<\/p>\n","protected":false},"excerpt":{"rendered":"<p>\u00a0C\u00daCUTA. La secretar\u00eda de Gobierno lidera la Semana de la Solidaridad, Protecci\u00f3n y Bienestar Animal, que se desarrollar\u00e1 entre el 28 de septiembre y el 4 de octubre de 2025. En C\u00facuta m\u00e1s de 10.000 animales est\u00e1n en condici\u00f3n de vulnerabilidad, 6000 habitan en albergues y hogares temporales caracterizados. El municipio cuenta con 179 albergues, &hellip;<\/p>\n","protected":false},"author":1,"featured_media":45554,"comment_status":"open","ping_status":"open","sticky":false,"template":"","format":"standard","meta":{"footnotes":""},"categories":[4,36],"tags":[7239,6482,7238],"class_list":["post-45553","post","type-post","status-publish","format-standard","has-post-thumbnail","hentry","category-barra","category-la-voz-del-pueblo","tag-albergues-temporales","tag-secretaria-de-gobierno-de-cucuta","tag-semana-de-la-solidaridad-animal"],"_links":{"self":[{"href":"https:\/\/contraluzcucuta.co\/index.php?rest_route=\/wp\/v2\/posts\/45553","targetHints":{"allow":["GET"]}}],"collection":[{"href":"https:\/\/contraluzcucuta.co\/index.php?rest_route=\/wp\/v2\/posts"}],"about":[{"href":"https:\/\/contraluzcucuta.co\/index.php?rest_route=\/wp\/v2\/types\/post"}],"author":[{"embeddable":true,"href":"https:\/\/contraluzcucuta.co\/index.php?rest_route=\/wp\/v2\/users\/1"}],"replies":[{"embeddable":true,"href":"https:\/\/contraluzcucuta.co\/index.php?rest_route=%2Fwp%2Fv2%2Fcomments&post=45553"}],"version-history":[{"count":1,"href":"https:\/\/contraluzcucuta.co\/index.php?rest_route=\/wp\/v2\/posts\/45553\/revisions"}],"predecessor-version":[{"id":45556,"href":"https:\/\/contraluzcucuta.co\/index.php?rest_route=\/wp\/v2\/posts\/45553\/revisions\/45556"}],"wp:featuredmedia":[{"embeddable":true,"href":"https:\/\/contraluzcucuta.co\/index.php?rest_route=\/wp\/v2\/media\/45554"}],"wp:attachment":[{"href":"https:\/\/contraluzcucuta.co\/index.php?rest_route=%2Fwp%2Fv2%2Fmedia&parent=45553"}],"wp:term":[{"taxonomy":"category","embeddable":true,"href":"https:\/\/contraluzcucuta.co\/index.php?rest_route=%2Fwp%2Fv2%2Fcategories&post=45553"},{"taxonomy":"post_tag","embeddable":true,"href":"https:\/\/contraluzcucuta.co\/index.php?rest_route=%2Fwp%2Fv2%2Ftags&post=45553"}],"curies":[{"name":"wp","href":"https:\/\/api.w.org\/{rel}","templated":true}]}}