{"id":45540,"date":"2025-09-25T16:23:04","date_gmt":"2025-09-25T21:23:04","guid":{"rendered":"https:\/\/contraluzcucuta.co\/?p=45540"},"modified":"2025-09-25T16:23:04","modified_gmt":"2025-09-25T21:23:04","slug":"mundial-de-trail-y-montana-yajaira-rubio-y-diego-vera-correran-este-fin-de-semana","status":"publish","type":"post","link":"https:\/\/contraluzcucuta.co\/?p=45540","title":{"rendered":"MUNDIAL DE TRAIL Y MONTA\u00d1A. Yajaira Rubio y Diego Ver\u00e1 correr\u00e1n este fin de semana."},"content":{"rendered":"<p style=\"text-align: right;\"><strong>C\u00daCUTA.<\/strong><\/p>\n<p><strong><span style=\"color: #ff9900;\">El entrenador Ali Salas, profesor menci\u00f3n educaci\u00f3n f\u00edsica y deporte, con maestr\u00eda en Planificaci\u00f3n y Administraci\u00f3n de Entrenamientos Deportivos, migr\u00f3 a C\u00facuta, hace 6 a\u00f1os, y conoci\u00f3 a la atleta Yajaira Rubio. En esos momentos practicaba ciclismo como deportista \u00e9lite. Tres meses despu\u00e9s, decidi\u00f3 retirarse y probar suerte en el atletismo.<\/span><\/strong><\/p>\n<p><a href=\"https:\/\/contraluzcucuta.co\/wp-content\/uploads\/2025\/09\/YAJAIRA-RUBIO-6.jpg\"><img loading=\"lazy\" decoding=\"async\" class=\"alignnone  wp-image-45542 alignleft\" src=\"https:\/\/contraluzcucuta.co\/wp-content\/uploads\/2025\/09\/YAJAIRA-RUBIO-6-300x300.jpg\" alt=\"\" width=\"247\" height=\"247\" srcset=\"https:\/\/contraluzcucuta.co\/wp-content\/uploads\/2025\/09\/YAJAIRA-RUBIO-6-300x300.jpg 300w, https:\/\/contraluzcucuta.co\/wp-content\/uploads\/2025\/09\/YAJAIRA-RUBIO-6-1024x1024.jpg 1024w, https:\/\/contraluzcucuta.co\/wp-content\/uploads\/2025\/09\/YAJAIRA-RUBIO-6-150x150.jpg 150w, https:\/\/contraluzcucuta.co\/wp-content\/uploads\/2025\/09\/YAJAIRA-RUBIO-6-768x768.jpg 768w, https:\/\/contraluzcucuta.co\/wp-content\/uploads\/2025\/09\/YAJAIRA-RUBIO-6-600x600.jpg 600w, https:\/\/contraluzcucuta.co\/wp-content\/uploads\/2025\/09\/YAJAIRA-RUBIO-6-100x100.jpg 100w, https:\/\/contraluzcucuta.co\/wp-content\/uploads\/2025\/09\/YAJAIRA-RUBIO-6.jpg 1440w\" sizes=\"auto, (max-width: 247px) 100vw, 247px\" \/><\/a><\/p>\n<p>Orientada por Al\u00ed Salas, comenz\u00f3 los entrenamientos siete meses despu\u00e9s. Acudi\u00f3 al marat\u00f3n Ciudad de Caracas (Venezuela 2019) y obtuvo el triunfo con tiempo de 2 horas y 47 minutos (42 kil\u00f3metros). Luego, corri\u00f3 la carrera internacional 10 kil\u00f3metros Mango Center, en Barinas (Venezuela). Lleg\u00f3 la pandemia y cada quien para su casa.<\/p>\n<p>Se entrenaba poco y volvieron a encontrarse en el momento en que se hablaba de los Juegos Nacionales. Decidieron asumir el reto. El profesor Al\u00ed Salas le coment\u00f3 a Yajaira que probar\u00edan en dos pruebas, desconocidas por la atleta. Comenzaron el trabajo con el objetivo puesto en la clasificaci\u00f3n a los Juegos.<\/p>\n<p>Participaron en nacionales clasificatorios y lograron el cupo. La preparaci\u00f3n se intensific\u00f3 y el resultado fue la \u00fanica medalla (plata) en atletismo convencional obtenida en Armenia 2023. Hac\u00eda 19 a\u00f1os, que Norte de Santander no ganaba en atletismo en los Juegos.<\/p>\n<p>Posteriormente, se convirti\u00f3 en campeona nacional en 1500 y 3000 metros y llamada a integrar la selecci\u00f3n Colombia para el Sudamericano de Brasil 2024. De ah\u00ed en adelante ha ganado en competencias nacionales e internacionales.<\/p>\n<p><a href=\"https:\/\/contraluzcucuta.co\/wp-content\/uploads\/2025\/09\/DIEGO-VERA-1.jpg\"><img loading=\"lazy\" decoding=\"async\" class=\"alignnone  wp-image-45543 alignleft\" src=\"https:\/\/contraluzcucuta.co\/wp-content\/uploads\/2025\/09\/DIEGO-VERA-1-241x300.jpg\" alt=\"\" width=\"215\" height=\"268\" srcset=\"https:\/\/contraluzcucuta.co\/wp-content\/uploads\/2025\/09\/DIEGO-VERA-1-241x300.jpg 241w, https:\/\/contraluzcucuta.co\/wp-content\/uploads\/2025\/09\/DIEGO-VERA-1-824x1024.jpg 824w, https:\/\/contraluzcucuta.co\/wp-content\/uploads\/2025\/09\/DIEGO-VERA-1-768x954.jpg 768w, https:\/\/contraluzcucuta.co\/wp-content\/uploads\/2025\/09\/DIEGO-VERA-1-600x746.jpg 600w, https:\/\/contraluzcucuta.co\/wp-content\/uploads\/2025\/09\/DIEGO-VERA-1.jpg 1080w\" sizes=\"auto, (max-width: 215px) 100vw, 215px\" \/><\/a><\/p>\n<p>Hoy, dos atletas de Norte de Santander, Yajaira Rubio (Arboledas) y Diego Vera (Toledo), entrenados por Al\u00ed Salas, participan en el Mundial de Trail y Monta\u00f1a. Esta es una haza\u00f1a para Norte de Santander. Solo la participaci\u00f3n es una victoria.<\/p>\n<p>Detr\u00e1s de Rubio y Vera aparece el grupo de talentos perteneciente al <em>Team <\/em>Yajaira Rubio, de Toledo, Santiago, Pamplona, Oca\u00f1a, Cornejo y La Esperanza, entre otros lugares.<\/p>\n<p>En la consolidaci\u00f3n de este trabajo en pro del atletismo nortesantandereano han participado Indenorte, Gobernaci\u00f3n y Liga de Atletismo.<\/p>\n<p>Yajaira y Diego actuar\u00e1n en el Mundial de Trail y Monta\u00f1a este fin de semana.<\/p>\n","protected":false},"excerpt":{"rendered":"<p>C\u00daCUTA. El entrenador Ali Salas, profesor menci\u00f3n educaci\u00f3n f\u00edsica y deporte, con maestr\u00eda en Planificaci\u00f3n y Administraci\u00f3n de Entrenamientos Deportivos, migr\u00f3 a C\u00facuta, hace 6 a\u00f1os, y conoci\u00f3 a la atleta Yajaira Rubio. En esos momentos practicaba ciclismo como deportista \u00e9lite. Tres meses despu\u00e9s, decidi\u00f3 retirarse y probar suerte en el atletismo. Orientada por Al\u00ed &hellip;<\/p>\n","protected":false},"author":1,"featured_media":45541,"comment_status":"open","ping_status":"open","sticky":false,"template":"","format":"standard","meta":{"footnotes":""},"categories":[4,28],"tags":[7234,7235,6888],"class_list":["post-45540","post","type-post","status-publish","format-standard","has-post-thumbnail","hentry","category-barra","category-vistazo-deportivo","tag-ali-salas","tag-diego-vera","tag-yajaira-rubio-granados"],"_links":{"self":[{"href":"https:\/\/contraluzcucuta.co\/index.php?rest_route=\/wp\/v2\/posts\/45540","targetHints":{"allow":["GET"]}}],"collection":[{"href":"https:\/\/contraluzcucuta.co\/index.php?rest_route=\/wp\/v2\/posts"}],"about":[{"href":"https:\/\/contraluzcucuta.co\/index.php?rest_route=\/wp\/v2\/types\/post"}],"author":[{"embeddable":true,"href":"https:\/\/contraluzcucuta.co\/index.php?rest_route=\/wp\/v2\/users\/1"}],"replies":[{"embeddable":true,"href":"https:\/\/contraluzcucuta.co\/index.php?rest_route=%2Fwp%2Fv2%2Fcomments&post=45540"}],"version-history":[{"count":1,"href":"https:\/\/contraluzcucuta.co\/index.php?rest_route=\/wp\/v2\/posts\/45540\/revisions"}],"predecessor-version":[{"id":45544,"href":"https:\/\/contraluzcucuta.co\/index.php?rest_route=\/wp\/v2\/posts\/45540\/revisions\/45544"}],"wp:featuredmedia":[{"embeddable":true,"href":"https:\/\/contraluzcucuta.co\/index.php?rest_route=\/wp\/v2\/media\/45541"}],"wp:attachment":[{"href":"https:\/\/contraluzcucuta.co\/index.php?rest_route=%2Fwp%2Fv2%2Fmedia&parent=45540"}],"wp:term":[{"taxonomy":"category","embeddable":true,"href":"https:\/\/contraluzcucuta.co\/index.php?rest_route=%2Fwp%2Fv2%2Fcategories&post=45540"},{"taxonomy":"post_tag","embeddable":true,"href":"https:\/\/contraluzcucuta.co\/index.php?rest_route=%2Fwp%2Fv2%2Ftags&post=45540"}],"curies":[{"name":"wp","href":"https:\/\/api.w.org\/{rel}","templated":true}]}}