{"id":45536,"date":"2025-09-25T15:47:03","date_gmt":"2025-09-25T20:47:03","guid":{"rendered":"https:\/\/contraluzcucuta.co\/?p=45536"},"modified":"2025-09-25T15:47:03","modified_gmt":"2025-09-25T20:47:03","slug":"la-primavera-cachira-gobernacion-y-alcaldia-de-cachira-mejoraran-via","status":"publish","type":"post","link":"https:\/\/contraluzcucuta.co\/?p=45536","title":{"rendered":"LA PRIMAVERA \u2013 C\u00c1CHIRA. Gobernaci\u00f3n y Alcald\u00eda de C\u00e1chira mejorar\u00e1n v\u00eda"},"content":{"rendered":"<p style=\"text-align: right;\"><strong>C\u00daCUTA.<\/strong><\/p>\n<p><strong><span style=\"color: #ff9900;\">La Secretar\u00eda de V\u00edas del Departamento y la Alcald\u00eda de C\u00e1chira firmaron el convenio para el mantenimiento de la v\u00eda La Primavera \u2013 C\u00e1chira. La inversi\u00f3n asciende a $ 240 millones, de los cuales la Gobernaci\u00f3n aporta $ 200 millones y el municipio $ 40 millones.<\/span><\/strong><\/p>\n<p><a href=\"https:\/\/contraluzcucuta.co\/wp-content\/uploads\/2025\/09\/CACHIRA-CONVENIO-1.jpg\"><img loading=\"lazy\" decoding=\"async\" class=\"alignnone  wp-image-45538 alignleft\" src=\"https:\/\/contraluzcucuta.co\/wp-content\/uploads\/2025\/09\/CACHIRA-CONVENIO-1-300x189.jpg\" alt=\"\" width=\"248\" height=\"156\" srcset=\"https:\/\/contraluzcucuta.co\/wp-content\/uploads\/2025\/09\/CACHIRA-CONVENIO-1-300x189.jpg 300w, https:\/\/contraluzcucuta.co\/wp-content\/uploads\/2025\/09\/CACHIRA-CONVENIO-1-768x485.jpg 768w, https:\/\/contraluzcucuta.co\/wp-content\/uploads\/2025\/09\/CACHIRA-CONVENIO-1-600x379.jpg 600w, https:\/\/contraluzcucuta.co\/wp-content\/uploads\/2025\/09\/CACHIRA-CONVENIO-1.jpg 990w\" sizes=\"auto, (max-width: 248px) 100vw, 248px\" \/><\/a><\/p>\n<p>El proyecto garantizar\u00e1 el mejoramiento del flujo vial, requerido para el desarrollo de actividades econ\u00f3micas, principalmente el transporte de alimentos y productos. Contribuir\u00e1, de manera directa, al bienestar de los habitantes y al impulso del turismo.<\/p>\n<p>\u201cEste apoyo representa progreso, mejor calidad de vida y nuevas oportunidades para C\u00e1chira\u201d, expres\u00f3 el alcalde Herman Jaime.<\/p>\n<p>Otras inversiones conjuntas son:<\/p>\n<ul>\n<li>Se destinaron $ 247 millones para intervenir v\u00edas secundarias y terciarias entre Altamira, Arboledas y San Jos\u00e9 de la Monta\u00f1a.<\/li>\n<li>Avanza la inversi\u00f3n superior a los $ 1100 millones, junto con la Alcald\u00eda y Empopamplona, para la intervenci\u00f3n de 169 puntos de la ciudad. El prop\u00f3sito es mejorar la movilidad y proteger la infraestructura de servicios p\u00fablicos.<\/li>\n<\/ul>\n<p><strong>Luis Tob\u00f3n &#8211; @GoberNorte<\/strong><\/p>\n","protected":false},"excerpt":{"rendered":"<p>C\u00daCUTA. La Secretar\u00eda de V\u00edas del Departamento y la Alcald\u00eda de C\u00e1chira firmaron el convenio para el mantenimiento de la v\u00eda La Primavera \u2013 C\u00e1chira. La inversi\u00f3n asciende a $ 240 millones, de los cuales la Gobernaci\u00f3n aporta $ 200 millones y el municipio $ 40 millones. El proyecto garantizar\u00e1 el mejoramiento del flujo vial, &hellip;<\/p>\n","protected":false},"author":1,"featured_media":45537,"comment_status":"open","ping_status":"open","sticky":false,"template":"","format":"standard","meta":{"footnotes":""},"categories":[4,6],"tags":[7232,7233],"class_list":["post-45536","post","type-post","status-publish","format-standard","has-post-thumbnail","hentry","category-barra","category-ojo-avizor","tag-alcaldia-de-cachira","tag-secretaria-de-vias-del-departamento"],"_links":{"self":[{"href":"https:\/\/contraluzcucuta.co\/index.php?rest_route=\/wp\/v2\/posts\/45536","targetHints":{"allow":["GET"]}}],"collection":[{"href":"https:\/\/contraluzcucuta.co\/index.php?rest_route=\/wp\/v2\/posts"}],"about":[{"href":"https:\/\/contraluzcucuta.co\/index.php?rest_route=\/wp\/v2\/types\/post"}],"author":[{"embeddable":true,"href":"https:\/\/contraluzcucuta.co\/index.php?rest_route=\/wp\/v2\/users\/1"}],"replies":[{"embeddable":true,"href":"https:\/\/contraluzcucuta.co\/index.php?rest_route=%2Fwp%2Fv2%2Fcomments&post=45536"}],"version-history":[{"count":1,"href":"https:\/\/contraluzcucuta.co\/index.php?rest_route=\/wp\/v2\/posts\/45536\/revisions"}],"predecessor-version":[{"id":45539,"href":"https:\/\/contraluzcucuta.co\/index.php?rest_route=\/wp\/v2\/posts\/45536\/revisions\/45539"}],"wp:featuredmedia":[{"embeddable":true,"href":"https:\/\/contraluzcucuta.co\/index.php?rest_route=\/wp\/v2\/media\/45537"}],"wp:attachment":[{"href":"https:\/\/contraluzcucuta.co\/index.php?rest_route=%2Fwp%2Fv2%2Fmedia&parent=45536"}],"wp:term":[{"taxonomy":"category","embeddable":true,"href":"https:\/\/contraluzcucuta.co\/index.php?rest_route=%2Fwp%2Fv2%2Fcategories&post=45536"},{"taxonomy":"post_tag","embeddable":true,"href":"https:\/\/contraluzcucuta.co\/index.php?rest_route=%2Fwp%2Fv2%2Ftags&post=45536"}],"curies":[{"name":"wp","href":"https:\/\/api.w.org\/{rel}","templated":true}]}}