{"id":45511,"date":"2025-09-22T18:55:51","date_gmt":"2025-09-22T23:55:51","guid":{"rendered":"https:\/\/contraluzcucuta.co\/?p=45511"},"modified":"2025-09-22T18:55:51","modified_gmt":"2025-09-22T23:55:51","slug":"secretaria-de-salud-comenzo-semana-andina-para-prevenir-el-embarazo-en-ninas-y-adolescentes","status":"publish","type":"post","link":"https:\/\/contraluzcucuta.co\/?p=45511","title":{"rendered":"SECRETAR\u00cdA DE SALUD. Comenz\u00f3 semana andina para prevenir el embarazo en ni\u00f1as y adolescentes"},"content":{"rendered":"<p style=\"text-align: right;\"><strong>C\u00daCUTA.<\/strong><\/p>\n<p><strong><span style=\"color: #ff9900;\">La Secretar\u00eda de Salud dio comienzo a la Semana Andina para la Prevenci\u00f3n del Embarazo en Ni\u00f1as y Adolescentes. La conmemoraci\u00f3n hace parte de la estrategia promovida por la Comunidad Andina que se adelanta de manera simult\u00e1nea en varios pa\u00edses. El objetivo es sensibilizar a la poblaci\u00f3n sobre la importancia de prevenir el embarazo a temprana edad.<\/span><\/strong><\/p>\n<p><a href=\"https:\/\/contraluzcucuta.co\/wp-content\/uploads\/2025\/09\/SEMANA-ANDINA-2.jpg\"><img loading=\"lazy\" decoding=\"async\" class=\"alignnone  wp-image-45513 alignleft\" src=\"https:\/\/contraluzcucuta.co\/wp-content\/uploads\/2025\/09\/SEMANA-ANDINA-2-300x225.jpg\" alt=\"\" width=\"245\" height=\"184\" srcset=\"https:\/\/contraluzcucuta.co\/wp-content\/uploads\/2025\/09\/SEMANA-ANDINA-2-300x225.jpg 300w, https:\/\/contraluzcucuta.co\/wp-content\/uploads\/2025\/09\/SEMANA-ANDINA-2-1024x768.jpg 1024w, https:\/\/contraluzcucuta.co\/wp-content\/uploads\/2025\/09\/SEMANA-ANDINA-2-768x576.jpg 768w, https:\/\/contraluzcucuta.co\/wp-content\/uploads\/2025\/09\/SEMANA-ANDINA-2-600x450.jpg 600w, https:\/\/contraluzcucuta.co\/wp-content\/uploads\/2025\/09\/SEMANA-ANDINA-2.jpg 1280w\" sizes=\"auto, (max-width: 245px) 100vw, 245px\" \/><\/a><\/p>\n<p>Mediante actividades pedag\u00f3gicas y participativas, se fomenta el reconocimiento de los derechos sexuales y reproductivos y se motiva a los j\u00f3venes a tomar decisiones responsables frente al proyecto de vida.<\/p>\n<p>La jornada cuenta con apoyo del Instituto Colombiano de Bienestar Familiar (ICBF), las secretar\u00edas de Cultura y Educaci\u00f3n, el Instituto Municipal para la Recreaci\u00f3n y el Deporte (IMRD), la Universidad Francisco de Paula Santander y Profamilia.<\/p>\n<p>El encuentro se desarroll\u00f3 en la Instituci\u00f3n Educativa San Bartolom\u00e9, en la ciudadela Juan Atalaya (Comuna 7). El prop\u00f3sito es fortalecer la promoci\u00f3n y la prevenci\u00f3n en salud sexual y reproductiva. Los adolescentes participaron en estands informativos y recibieron orientaci\u00f3n sobre salud sexual, salud mental y prevenci\u00f3n de infecciones de transmisi\u00f3n sexual.<\/p>\n<p>\u201cSi bien las tasas de embarazo en adolescentes en C\u00facuta han disminuido, a\u00fan encontramos casos de embarazo en ni\u00f1as entre los 10 y 14 a\u00f1os, por eso insistimos en fortalecer estas actividades de promoci\u00f3n y prevenci\u00f3n\u201d, dijo el referente de salud sexual y reproductiva, Rafael Antonio Estupi\u00f1\u00e1n.<\/p>\n<p>La secretar\u00eda de Salud mantiene controles, orientaciones e inspecciones a las Empresas Administradoras de Planes de Beneficio (EAPB) e IPS para que no bajen la guardia en el desarrollo de actividades con el prop\u00f3sito de prevenir el embarazo adolescente y promover el reconocimiento de los derechos sexuales y reproductivos.<\/p>\n","protected":false},"excerpt":{"rendered":"<p>C\u00daCUTA. La Secretar\u00eda de Salud dio comienzo a la Semana Andina para la Prevenci\u00f3n del Embarazo en Ni\u00f1as y Adolescentes. La conmemoraci\u00f3n hace parte de la estrategia promovida por la Comunidad Andina que se adelanta de manera simult\u00e1nea en varios pa\u00edses. El objetivo es sensibilizar a la poblaci\u00f3n sobre la importancia de prevenir el embarazo &hellip;<\/p>\n","protected":false},"author":1,"featured_media":45512,"comment_status":"open","ping_status":"open","sticky":false,"template":"","format":"standard","meta":{"footnotes":""},"categories":[4,6],"tags":[7222,1565,7221],"class_list":["post-45511","post","type-post","status-publish","format-standard","has-post-thumbnail","hentry","category-barra","category-ojo-avizor","tag-comunidad-andina","tag-secretaria-de-salud-de-cucuta","tag-semana-andina-para-la-prevencion-del-embarazo"],"_links":{"self":[{"href":"https:\/\/contraluzcucuta.co\/index.php?rest_route=\/wp\/v2\/posts\/45511","targetHints":{"allow":["GET"]}}],"collection":[{"href":"https:\/\/contraluzcucuta.co\/index.php?rest_route=\/wp\/v2\/posts"}],"about":[{"href":"https:\/\/contraluzcucuta.co\/index.php?rest_route=\/wp\/v2\/types\/post"}],"author":[{"embeddable":true,"href":"https:\/\/contraluzcucuta.co\/index.php?rest_route=\/wp\/v2\/users\/1"}],"replies":[{"embeddable":true,"href":"https:\/\/contraluzcucuta.co\/index.php?rest_route=%2Fwp%2Fv2%2Fcomments&post=45511"}],"version-history":[{"count":1,"href":"https:\/\/contraluzcucuta.co\/index.php?rest_route=\/wp\/v2\/posts\/45511\/revisions"}],"predecessor-version":[{"id":45514,"href":"https:\/\/contraluzcucuta.co\/index.php?rest_route=\/wp\/v2\/posts\/45511\/revisions\/45514"}],"wp:featuredmedia":[{"embeddable":true,"href":"https:\/\/contraluzcucuta.co\/index.php?rest_route=\/wp\/v2\/media\/45512"}],"wp:attachment":[{"href":"https:\/\/contraluzcucuta.co\/index.php?rest_route=%2Fwp%2Fv2%2Fmedia&parent=45511"}],"wp:term":[{"taxonomy":"category","embeddable":true,"href":"https:\/\/contraluzcucuta.co\/index.php?rest_route=%2Fwp%2Fv2%2Fcategories&post=45511"},{"taxonomy":"post_tag","embeddable":true,"href":"https:\/\/contraluzcucuta.co\/index.php?rest_route=%2Fwp%2Fv2%2Ftags&post=45511"}],"curies":[{"name":"wp","href":"https:\/\/api.w.org\/{rel}","templated":true}]}}