{"id":45503,"date":"2025-09-22T13:38:49","date_gmt":"2025-09-22T18:38:49","guid":{"rendered":"https:\/\/contraluzcucuta.co\/?p=45503"},"modified":"2025-09-22T13:38:49","modified_gmt":"2025-09-22T18:38:49","slug":"lunada-literaria-estrategia-para-promover-la-lectura-la-cultura-y-las-expresiones-artisticas","status":"publish","type":"post","link":"https:\/\/contraluzcucuta.co\/?p=45503","title":{"rendered":"LUNADA LITERARIA. Estrategia para promover la lectura, la cultura y las expresiones art\u00edsticas"},"content":{"rendered":"<p style=\"text-align: right;\"><strong>C\u00daCUTA. <\/strong><\/p>\n<p><a href=\"https:\/\/contraluzcucuta.co\/wp-content\/uploads\/2025\/09\/LUNADA-LITERARIA-1.jpg\"><img loading=\"lazy\" decoding=\"async\" class=\"alignnone  wp-image-45505 alignleft\" src=\"https:\/\/contraluzcucuta.co\/wp-content\/uploads\/2025\/09\/LUNADA-LITERARIA-1-300x213.jpg\" alt=\"\" width=\"246\" height=\"175\" srcset=\"https:\/\/contraluzcucuta.co\/wp-content\/uploads\/2025\/09\/LUNADA-LITERARIA-1-300x213.jpg 300w, https:\/\/contraluzcucuta.co\/wp-content\/uploads\/2025\/09\/LUNADA-LITERARIA-1-600x427.jpg 600w, https:\/\/contraluzcucuta.co\/wp-content\/uploads\/2025\/09\/LUNADA-LITERARIA-1.jpg 752w\" sizes=\"auto, (max-width: 246px) 100vw, 246px\" \/><\/a><\/p>\n<p><strong><span style=\"color: #ff9900;\">La Red Municipal de Lectura y Escritura, en alianza con la Secretar\u00eda de Cultura y Patrimonio, llev\u00f3 a cabo la Lunada Literaria, en el Colegio Los Pr\u00f3ceres, barrio Quinta Oriental. La palabra, la m\u00fasica y el arte se unieron para inspirar a estudiantes, docentes y familias, para resaltar el poder transformador de la creatividad.<\/span><\/strong><\/p>\n<p>La comunidad educativa particip\u00f3 en este encuentro cultural que fortaleci\u00f3 el amor por la lectura y el arte en la ciudad. La actividad hace parte de la estrategia de la Alcald\u00eda de C\u00facuta que busca promover la lectura, la cultura y las expresiones art\u00edsticas como pilares de integraci\u00f3n social.<\/p>\n<p>\u201cCada Lunada Literaria es puente para que la comunidad se re\u00fana alrededor de las historias, la m\u00fasica y la imaginaci\u00f3n\u201d, destac\u00f3 Nadim Bayona, secretario de Cultura y Patrimonio de C\u00facuta.<\/p>\n","protected":false},"excerpt":{"rendered":"<p>C\u00daCUTA. La Red Municipal de Lectura y Escritura, en alianza con la Secretar\u00eda de Cultura y Patrimonio, llev\u00f3 a cabo la Lunada Literaria, en el Colegio Los Pr\u00f3ceres, barrio Quinta Oriental. La palabra, la m\u00fasica y el arte se unieron para inspirar a estudiantes, docentes y familias, para resaltar el poder transformador de la creatividad. &hellip;<\/p>\n","protected":false},"author":1,"featured_media":45504,"comment_status":"open","ping_status":"open","sticky":false,"template":"","format":"standard","meta":{"footnotes":""},"categories":[37],"tags":[7219,2428,2429,7064],"class_list":["post-45503","post","type-post","status-publish","format-standard","has-post-thumbnail","hentry","category-paseo-cultural","tag-colegio-los-proceres","tag-lunada-literaria","tag-red-municipal-de-lectura","tag-secretaria-de-cultura-y-patrimonio"],"_links":{"self":[{"href":"https:\/\/contraluzcucuta.co\/index.php?rest_route=\/wp\/v2\/posts\/45503","targetHints":{"allow":["GET"]}}],"collection":[{"href":"https:\/\/contraluzcucuta.co\/index.php?rest_route=\/wp\/v2\/posts"}],"about":[{"href":"https:\/\/contraluzcucuta.co\/index.php?rest_route=\/wp\/v2\/types\/post"}],"author":[{"embeddable":true,"href":"https:\/\/contraluzcucuta.co\/index.php?rest_route=\/wp\/v2\/users\/1"}],"replies":[{"embeddable":true,"href":"https:\/\/contraluzcucuta.co\/index.php?rest_route=%2Fwp%2Fv2%2Fcomments&post=45503"}],"version-history":[{"count":1,"href":"https:\/\/contraluzcucuta.co\/index.php?rest_route=\/wp\/v2\/posts\/45503\/revisions"}],"predecessor-version":[{"id":45506,"href":"https:\/\/contraluzcucuta.co\/index.php?rest_route=\/wp\/v2\/posts\/45503\/revisions\/45506"}],"wp:featuredmedia":[{"embeddable":true,"href":"https:\/\/contraluzcucuta.co\/index.php?rest_route=\/wp\/v2\/media\/45504"}],"wp:attachment":[{"href":"https:\/\/contraluzcucuta.co\/index.php?rest_route=%2Fwp%2Fv2%2Fmedia&parent=45503"}],"wp:term":[{"taxonomy":"category","embeddable":true,"href":"https:\/\/contraluzcucuta.co\/index.php?rest_route=%2Fwp%2Fv2%2Fcategories&post=45503"},{"taxonomy":"post_tag","embeddable":true,"href":"https:\/\/contraluzcucuta.co\/index.php?rest_route=%2Fwp%2Fv2%2Ftags&post=45503"}],"curies":[{"name":"wp","href":"https:\/\/api.w.org\/{rel}","templated":true}]}}