{"id":45483,"date":"2025-09-19T17:08:54","date_gmt":"2025-09-19T22:08:54","guid":{"rendered":"https:\/\/contraluzcucuta.co\/?p=45483"},"modified":"2025-09-19T17:08:54","modified_gmt":"2025-09-19T22:08:54","slug":"la-voz-que-nunca-se-apaga-jose-rafael-mogollon-leyenda-de-la-radio-cucutena","status":"publish","type":"post","link":"https:\/\/contraluzcucuta.co\/?p=45483","title":{"rendered":"LA VOZ QUE NUNCA SE APAGA. Jos\u00e9 Rafael Mogoll\u00f3n, leyenda de la radio cucute\u00f1a"},"content":{"rendered":"<p style=\"text-align: right;\"><strong><span style=\"color: #ff9900;\">Un hombre, un micr\u00f3fono, una ciudad<\/span><\/strong><\/p>\n<p>En cada rinc\u00f3n de C\u00facuta donde se escuche una buena voz, una historia contada con alma o una canci\u00f3n que despierte memorias, est\u00e1 el eco imborrable de un hombre que dedic\u00f3 su vida entera a la radio: Jos\u00e9 Rafael Mogoll\u00f3n.<\/p>\n<p>No era simplemente un locutor. Era una presencia. Una instituci\u00f3n viva de la radiodifusi\u00f3n local que durante d\u00e9cadas acompa\u00f1\u00f3 a generaciones con su voz profunda, envolvente y sincera. <em>\u201cLa verdadera grandeza de un locutor no est\u00e1 en su voz, sino en el alma que transmite con ella<\/em>.\u201d<\/p>\n<p><strong>Una vida dedicada a conectar corazones<\/strong><\/p>\n<p>Desde sus inicios, cuando la radio a\u00fan era ese misterio que reun\u00eda a familias, hasta los tiempos actuales de medios digitales, Jos\u00e9 Rafael se mantuvo fiel a un prop\u00f3sito claro: hacer de la radio un puente entre emociones, cultura y comunidad.<\/p>\n<p>Fue m\u00e1s que una voz. Fue un narrador de vivencias, un transmisor de esperanza, un amigo invisible al otro lado del dial.<\/p>\n<p><strong>Mentor, gu\u00eda y ejemplo<\/strong><\/p>\n<p>A su lado crecieron voces j\u00f3venes que hoy reconocen en \u00e9l a un maestro. Sin discursos ni pretensiones, ense\u00f1\u00f3 con su ejemplo: con su puntualidad impecable, su \u00e9tica firme, su entrega total a cada palabra dicha al aire.<\/p>\n<p>Su legado se extiende m\u00e1s all\u00e1 de la cabina. Vive en quienes lo escucharon, lo admiraron y aprendieron de \u00e9l.<\/p>\n<p><strong>Un legado que trasciende el tiempo<\/strong><\/p>\n<p>La radio cucute\u00f1a no suena igual sin \u00e9l. Pero su voz no se ha ido, porque el verdadero impacto de un comunicador como Jos\u00e9 Rafael no se mide en minutos al aire, sino en recuerdos compartidos.<\/p>\n<p>Est\u00e1 en la se\u00f1ora que lo recuerda mientras prepara el desayuno, en el conductor que encontr\u00f3 consuelo en sus palabras durante una noche larga, en el ni\u00f1o que so\u00f1\u00f3 con ser locutor al escucharlo.<\/p>\n<p><strong>La leyenda contin\u00faa<\/strong><\/p>\n<p>Jos\u00e9 Rafael Mogoll\u00f3n no fue solo un hombre de radio. Fue, y sigue siendo, una leyenda viva en la memoria colectiva de C\u00facuta. Una voz que no se apaga. Un coraz\u00f3n que sigue latiendo entre frecuencias y nostalgias.<\/p>\n<p>Su c\u00e9lebre frase \u201call\u00e1 estaremos\u201d se convirti\u00f3 en un s\u00edmbolo de su compromiso y cercan\u00eda con la comunidad.\u00a0 A lo largo de su carrera, trabaj\u00f3 en emisoras como Radio Guaimaral y La Voz del Norte, y fue cofundador de la Asociaci\u00f3n Colombiana de Periodistas Deportivos (ACORD). Su pasi\u00f3n por la radio y su dedicaci\u00f3n al periodismo lo convirtieron en una figura clave en la historia de la radiodifusi\u00f3n en C\u00facuta.<\/p>\n<p>Es importante mencionar, que la c\u00e9lebre frase de Jos\u00e9 Rafael Mogoll\u00f3n \u201call\u00e1 estaremos\u201d ahora hace parte de la idiosincrasia cucute\u00f1a: \u201call\u00e1 estaremos, como dijo Mogoll\u00f3n\u201d y no se cumple; buen dicho de combate del cucute\u00f1o incumplido por excelencia. Pero que, en el caso de Jos\u00e9 Rafael Mogoll\u00f3n, no fue as\u00ed, pues siempre estuvo puntual, con su archivo de experiencias de 50 a\u00f1os en el periodismo.<\/p>\n<p><strong>Datos importantes para recordar<\/strong><\/p>\n<p>Jos\u00e9 Rafael Mogoll\u00f3n, naci\u00f3 en Chin\u00e1cota (Norte de Santander) el 22 de abril de 1917. En 1932, ingres\u00f3 como aprendiz a la Imprenta departamental, donde escal\u00f3 posiciones hasta llegar a la direcci\u00f3n, en 1945. Remplaz\u00f3 al popular hombre de radio Carlos Ram\u00edrez Par\u00eds, qui\u00e9n pas\u00f3 a ocupar la gerencia de la Empresa de Tel\u00e9fonos. Ese mismo a\u00f1o, en los peri\u00f3dicos Hoy y Sagitario, publicaba comentarios deportivos. Meses m\u00e1s tarde fund\u00f3 la revista Gramilla.<\/p>\n<p>En 1948, fue designado corresponsal de Momento Deportivo, que dirig\u00eda Carlos Arturo Rueda C. En 1949, asumi\u00f3 la corresponsal\u00eda de El Espectador y cre\u00f3 el programa Antena Deportiva, por Radio Victoria (hoy La Voz del Norte) y empez\u00f3 a colaborar con La Voz de C\u00facuta en \u00a15 Minutos con el Deporte! A Radio Guaimaral se vincul\u00f3 desde la fundaci\u00f3n y redactaba la p\u00e1gina deportiva del diario El Trabajo.<\/p>\n<p>En 1956, se hizo cargo de la corresponsal\u00eda deportiva del diario El Tiempo. Fue cofundador de la Asociaci\u00f3n Colombiana de Periodistas Deportivos (Acord), miembro activo del Colegio Nacional de Periodistas (tarjeta 3527, expedida por el Ministerio de Educaci\u00f3n).<\/p>\n<p><strong>FRANCISCO BERR\u00cdO M. &#8211; Equipo editorial de Cr\u00edtica y Perspectiva<\/strong><\/p>\n<p><strong>S\u00edguenos en X: @criticaypersp<\/strong><\/p>\n","protected":false},"excerpt":{"rendered":"<p>Un hombre, un micr\u00f3fono, una ciudad En cada rinc\u00f3n de C\u00facuta donde se escuche una buena voz, una historia contada con alma o una canci\u00f3n que despierte memorias, est\u00e1 el eco imborrable de un hombre que dedic\u00f3 su vida entera a la radio: Jos\u00e9 Rafael Mogoll\u00f3n. No era simplemente un locutor. Era una presencia. Una &hellip;<\/p>\n","protected":false},"author":1,"featured_media":45484,"comment_status":"open","ping_status":"open","sticky":false,"template":"","format":"standard","meta":{"footnotes":""},"categories":[45,4],"tags":[1244,7214,3590],"class_list":["post-45483","post","type-post","status-publish","format-standard","has-post-thumbnail","hentry","category-destacado","category-barra","tag-acord-norte-de-santander","tag-jose-rafael-mogollon","tag-radio-cucutena"],"_links":{"self":[{"href":"https:\/\/contraluzcucuta.co\/index.php?rest_route=\/wp\/v2\/posts\/45483","targetHints":{"allow":["GET"]}}],"collection":[{"href":"https:\/\/contraluzcucuta.co\/index.php?rest_route=\/wp\/v2\/posts"}],"about":[{"href":"https:\/\/contraluzcucuta.co\/index.php?rest_route=\/wp\/v2\/types\/post"}],"author":[{"embeddable":true,"href":"https:\/\/contraluzcucuta.co\/index.php?rest_route=\/wp\/v2\/users\/1"}],"replies":[{"embeddable":true,"href":"https:\/\/contraluzcucuta.co\/index.php?rest_route=%2Fwp%2Fv2%2Fcomments&post=45483"}],"version-history":[{"count":1,"href":"https:\/\/contraluzcucuta.co\/index.php?rest_route=\/wp\/v2\/posts\/45483\/revisions"}],"predecessor-version":[{"id":45485,"href":"https:\/\/contraluzcucuta.co\/index.php?rest_route=\/wp\/v2\/posts\/45483\/revisions\/45485"}],"wp:featuredmedia":[{"embeddable":true,"href":"https:\/\/contraluzcucuta.co\/index.php?rest_route=\/wp\/v2\/media\/45484"}],"wp:attachment":[{"href":"https:\/\/contraluzcucuta.co\/index.php?rest_route=%2Fwp%2Fv2%2Fmedia&parent=45483"}],"wp:term":[{"taxonomy":"category","embeddable":true,"href":"https:\/\/contraluzcucuta.co\/index.php?rest_route=%2Fwp%2Fv2%2Fcategories&post=45483"},{"taxonomy":"post_tag","embeddable":true,"href":"https:\/\/contraluzcucuta.co\/index.php?rest_route=%2Fwp%2Fv2%2Ftags&post=45483"}],"curies":[{"name":"wp","href":"https:\/\/api.w.org\/{rel}","templated":true}]}}