{"id":45479,"date":"2025-09-19T16:36:51","date_gmt":"2025-09-19T21:36:51","guid":{"rendered":"https:\/\/contraluzcucuta.co\/?p=45479"},"modified":"2025-09-19T16:36:51","modified_gmt":"2025-09-19T21:36:51","slug":"las-huellitas-de-la-nina-maria-espacio-dedicado-a-apoyar-a-la-poblacion-migrante-infantil","status":"publish","type":"post","link":"https:\/\/contraluzcucuta.co\/?p=45479","title":{"rendered":"LAS HUELLITAS DE LA NI\u00d1A MAR\u00cdA. Espacio dedicado a apoyar a la poblaci\u00f3n migrante infantil"},"content":{"rendered":"<p style=\"text-align: right;\"><strong>C\u00daCUTA.<\/strong><\/p>\n<p><strong><span style=\"color: #ff9900;\">La Fundaci\u00f3n P\u00eda Aut\u00f3noma Asilo Andresen inaugur\u00f3 el primer centro de atenci\u00f3n a ni\u00f1os en el barrio La Fortaleza, espacio dedicado a apoyar a la poblaci\u00f3n migrante infantil. Ofrece bienestar, formaci\u00f3n integral y acompa\u00f1amiento espiritual con sic\u00f3logas, catequistas y hermanas de La Nueva Vida.<\/span><\/strong><\/p>\n<p><a href=\"https:\/\/contraluzcucuta.co\/wp-content\/uploads\/2025\/09\/HUELLITAS-DE-LA-NINA-MARIA-3.jpg\"><img loading=\"lazy\" decoding=\"async\" class=\"alignnone  wp-image-45481 alignleft\" src=\"https:\/\/contraluzcucuta.co\/wp-content\/uploads\/2025\/09\/HUELLITAS-DE-LA-NINA-MARIA-3-300x218.jpg\" alt=\"\" width=\"246\" height=\"179\" srcset=\"https:\/\/contraluzcucuta.co\/wp-content\/uploads\/2025\/09\/HUELLITAS-DE-LA-NINA-MARIA-3-300x218.jpg 300w, https:\/\/contraluzcucuta.co\/wp-content\/uploads\/2025\/09\/HUELLITAS-DE-LA-NINA-MARIA-3-1024x745.jpg 1024w, https:\/\/contraluzcucuta.co\/wp-content\/uploads\/2025\/09\/HUELLITAS-DE-LA-NINA-MARIA-3-768x559.jpg 768w, https:\/\/contraluzcucuta.co\/wp-content\/uploads\/2025\/09\/HUELLITAS-DE-LA-NINA-MARIA-3-600x436.jpg 600w, https:\/\/contraluzcucuta.co\/wp-content\/uploads\/2025\/09\/HUELLITAS-DE-LA-NINA-MARIA-3.jpg 1221w\" sizes=\"auto, (max-width: 246px) 100vw, 246px\" \/><\/a><\/p>\n<p>Monse\u00f1or Jos\u00e9 Libardo Garc\u00e9s, obispo de la Di\u00f3cesis de C\u00facuta, bendijo el centro y resalt\u00f3 la importancia del proyecto. &#8220;Nos agrada encontrarnos con este grupo de ni\u00f1os a quienes atenderemos con mucho cari\u00f1o desde el proyecto Las Huellitas de la Ni\u00f1a Mar\u00eda\u201d.<\/p>\n<p>Este proyecto atiende a ni\u00f1os necesitados y sus familias. En atenci\u00f3n a la invitaci\u00f3n de los papas Francisco y Le\u00f3n XIV, \u201cqueremos salir de nuestro entorno, llevar apoyo a las periferias f\u00edsicas y existenciales, para compartir con los ni\u00f1os m\u00e1s necesitados\u201d.<\/p>\n<p>El proyecto atender\u00e1 ni\u00f1os, madres y familias, y les llevar\u00e1 el Evangelio y la bendici\u00f3n de Dios. Tambi\u00e9n, contribuir\u00e1 con el bienestar y fortalecer\u00e1 la formaci\u00f3n humana, cristiana y espiritual.<\/p>\n<p>Durante la inauguraci\u00f3n se comparti\u00f3 con los asistentes y se entregaron mercados donados por la Fundaci\u00f3n Banco de Alimentos, para fortalecer el compromiso social y el respaldo integral de la Iglesia hacia esta comunidad vulnerable de la ciudad.<\/p>\n<p>La Fundaci\u00f3n, que cuenta con el centro de caridad infantil en C\u00facuta, ahora tendr\u00e1 esta sede en La Fortaleza para reafirmar la vivencia de la caridad. De esta manera, la Di\u00f3cesis aporta a construir el futuro mejor para los ni\u00f1os migrantes y promueve el desarrollo integral en un ambiente protector y seguro.<\/p>\n","protected":false},"excerpt":{"rendered":"<p>C\u00daCUTA. La Fundaci\u00f3n P\u00eda Aut\u00f3noma Asilo Andresen inaugur\u00f3 el primer centro de atenci\u00f3n a ni\u00f1os en el barrio La Fortaleza, espacio dedicado a apoyar a la poblaci\u00f3n migrante infantil. Ofrece bienestar, formaci\u00f3n integral y acompa\u00f1amiento espiritual con sic\u00f3logas, catequistas y hermanas de La Nueva Vida. Monse\u00f1or Jos\u00e9 Libardo Garc\u00e9s, obispo de la Di\u00f3cesis de C\u00facuta, &hellip;<\/p>\n","protected":false},"author":1,"featured_media":45480,"comment_status":"open","ping_status":"open","sticky":false,"template":"","format":"standard","meta":{"footnotes":""},"categories":[4,36],"tags":[7211,7213,8,7212,5153],"class_list":["post-45479","post","type-post","status-publish","format-standard","has-post-thumbnail","hentry","category-barra","category-la-voz-del-pueblo","tag-asilo-andresen","tag-barrio-la-fortaleza","tag-diocesis-de-cucuta","tag-fundacion-pia-autonoma","tag-monsenor-jose-libardo-garces"],"_links":{"self":[{"href":"https:\/\/contraluzcucuta.co\/index.php?rest_route=\/wp\/v2\/posts\/45479","targetHints":{"allow":["GET"]}}],"collection":[{"href":"https:\/\/contraluzcucuta.co\/index.php?rest_route=\/wp\/v2\/posts"}],"about":[{"href":"https:\/\/contraluzcucuta.co\/index.php?rest_route=\/wp\/v2\/types\/post"}],"author":[{"embeddable":true,"href":"https:\/\/contraluzcucuta.co\/index.php?rest_route=\/wp\/v2\/users\/1"}],"replies":[{"embeddable":true,"href":"https:\/\/contraluzcucuta.co\/index.php?rest_route=%2Fwp%2Fv2%2Fcomments&post=45479"}],"version-history":[{"count":1,"href":"https:\/\/contraluzcucuta.co\/index.php?rest_route=\/wp\/v2\/posts\/45479\/revisions"}],"predecessor-version":[{"id":45482,"href":"https:\/\/contraluzcucuta.co\/index.php?rest_route=\/wp\/v2\/posts\/45479\/revisions\/45482"}],"wp:featuredmedia":[{"embeddable":true,"href":"https:\/\/contraluzcucuta.co\/index.php?rest_route=\/wp\/v2\/media\/45480"}],"wp:attachment":[{"href":"https:\/\/contraluzcucuta.co\/index.php?rest_route=%2Fwp%2Fv2%2Fmedia&parent=45479"}],"wp:term":[{"taxonomy":"category","embeddable":true,"href":"https:\/\/contraluzcucuta.co\/index.php?rest_route=%2Fwp%2Fv2%2Fcategories&post=45479"},{"taxonomy":"post_tag","embeddable":true,"href":"https:\/\/contraluzcucuta.co\/index.php?rest_route=%2Fwp%2Fv2%2Ftags&post=45479"}],"curies":[{"name":"wp","href":"https:\/\/api.w.org\/{rel}","templated":true}]}}