{"id":45475,"date":"2025-09-19T06:59:50","date_gmt":"2025-09-19T11:59:50","guid":{"rendered":"https:\/\/contraluzcucuta.co\/?p=45475"},"modified":"2025-09-19T06:59:50","modified_gmt":"2025-09-19T11:59:50","slug":"comuna-3-entregan-dotacion-a-juntas-de-accion-comunal","status":"publish","type":"post","link":"https:\/\/contraluzcucuta.co\/?p=45475","title":{"rendered":"COMUNA 3. Entregan dotaci\u00f3n a juntas de acci\u00f3n comunal"},"content":{"rendered":"<p style=\"text-align: right;\"><strong>C\u00daCUTA.<\/strong><\/p>\n<p><strong><span style=\"color: #ff9900;\">Seiscientas unidades de equipos, mobiliario y herramientas digitales recibi\u00f3 la Asociaci\u00f3n de Juntas de Acci\u00f3n Comunal de la Comuna 3 (Asojuntas). La entrega estuvo a cargo de la secretar\u00eda de Desarrollo Econ\u00f3mico y Competitividad, en coordinaci\u00f3n con la subsecretar\u00eda de Desarrollo Comunitario.<\/span><\/strong><\/p>\n<p><a href=\"https:\/\/contraluzcucuta.co\/wp-content\/uploads\/2025\/09\/COMUNA-3-ASOJUNTAS-1.jpg\"><img loading=\"lazy\" decoding=\"async\" class=\"alignnone  wp-image-45476 alignleft\" src=\"https:\/\/contraluzcucuta.co\/wp-content\/uploads\/2025\/09\/COMUNA-3-ASOJUNTAS-1-300x200.jpg\" alt=\"\" width=\"248\" height=\"165\" srcset=\"https:\/\/contraluzcucuta.co\/wp-content\/uploads\/2025\/09\/COMUNA-3-ASOJUNTAS-1-300x200.jpg 300w, https:\/\/contraluzcucuta.co\/wp-content\/uploads\/2025\/09\/COMUNA-3-ASOJUNTAS-1-1024x682.jpg 1024w, https:\/\/contraluzcucuta.co\/wp-content\/uploads\/2025\/09\/COMUNA-3-ASOJUNTAS-1-768x512.jpg 768w, https:\/\/contraluzcucuta.co\/wp-content\/uploads\/2025\/09\/COMUNA-3-ASOJUNTAS-1-310x205.jpg 310w, https:\/\/contraluzcucuta.co\/wp-content\/uploads\/2025\/09\/COMUNA-3-ASOJUNTAS-1-600x400.jpg 600w, https:\/\/contraluzcucuta.co\/wp-content\/uploads\/2025\/09\/COMUNA-3-ASOJUNTAS-1.jpg 1280w\" sizes=\"auto, (max-width: 248px) 100vw, 248px\" \/><\/a><\/p>\n<p>La dotaci\u00f3n fortalecer\u00e1 la capacidad organizativa y de gesti\u00f3n de las Juntas de Acci\u00f3n Comunal (JAC) en ese sector de la ciudad. El acto se llev\u00f3 a cabo en el Cuidarte de La Libertad.<\/p>\n<p>Leonel Rodr\u00edguez, secretario de Desarrollo Econ\u00f3mico, destac\u00f3 que el objetivo principal de la iniciativa es proporcionar a las JAC herramientas para mejorar la gesti\u00f3n administrativa y comunitaria. Entre los elementos entregados se encuentran equipos de audio y comunicaci\u00f3n, insumos tecnol\u00f3gicos, mobiliario y elementos de bienestar y seguridad.<\/p>\n<p>La dotaci\u00f3n incluye:<\/p>\n<ul>\n<li>20 amplificadores de sonido con micr\u00f3fono.<\/li>\n<li>4 computadores port\u00e1tiles.<\/li>\n<li>20 impresoras de inyecci\u00f3n de tinta.<\/li>\n<li>20 telones de proyecci\u00f3n y 20 video beams.<\/li>\n<li>20 escritorios, 20 sillas gerenciales, 100 mesas y 400 sillas pl\u00e1sticas.<\/li>\n<li>20 botiquines de primeros auxilios y 20 morrales.<\/li>\n<li>17 plataformas digitales para la gesti\u00f3n y administraci\u00f3n de las JAC.<\/li>\n<\/ul>\n<p>Jos\u00e9 Ernesto Jaimes, presidente de Asojuntas, recibi\u00f3 el material y asumi\u00f3 la administraci\u00f3n y distribuci\u00f3n entre las JAC beneficiarias de Las Margaritas, Sim\u00f3n Bol\u00edvar, Santa Ana, Nuevo Milenio, San Mateo, La Libertad, La Esmeralda, Aguas Calientes, Bocon\u00f3, Valle Esther, Policarpa Salavarrieta, Bogot\u00e1, Bellavista, La Uni\u00f3n, Arkamal y Morelli.<\/p>\n","protected":false},"excerpt":{"rendered":"<p>C\u00daCUTA. Seiscientas unidades de equipos, mobiliario y herramientas digitales recibi\u00f3 la Asociaci\u00f3n de Juntas de Acci\u00f3n Comunal de la Comuna 3 (Asojuntas). La entrega estuvo a cargo de la secretar\u00eda de Desarrollo Econ\u00f3mico y Competitividad, en coordinaci\u00f3n con la subsecretar\u00eda de Desarrollo Comunitario. La dotaci\u00f3n fortalecer\u00e1 la capacidad organizativa y de gesti\u00f3n de las Juntas &hellip;<\/p>\n","protected":false},"author":1,"featured_media":45477,"comment_status":"open","ping_status":"open","sticky":false,"template":"","format":"standard","meta":{"footnotes":""},"categories":[4,36],"tags":[7209,6026,7210,3925],"class_list":["post-45475","post","type-post","status-publish","format-standard","has-post-thumbnail","hentry","category-barra","category-la-voz-del-pueblo","tag-asociacion-de-juntas-de-accion-comunal","tag-asojuntas","tag-comuna-3","tag-secretaria-de-desarrollo-economico"],"_links":{"self":[{"href":"https:\/\/contraluzcucuta.co\/index.php?rest_route=\/wp\/v2\/posts\/45475","targetHints":{"allow":["GET"]}}],"collection":[{"href":"https:\/\/contraluzcucuta.co\/index.php?rest_route=\/wp\/v2\/posts"}],"about":[{"href":"https:\/\/contraluzcucuta.co\/index.php?rest_route=\/wp\/v2\/types\/post"}],"author":[{"embeddable":true,"href":"https:\/\/contraluzcucuta.co\/index.php?rest_route=\/wp\/v2\/users\/1"}],"replies":[{"embeddable":true,"href":"https:\/\/contraluzcucuta.co\/index.php?rest_route=%2Fwp%2Fv2%2Fcomments&post=45475"}],"version-history":[{"count":1,"href":"https:\/\/contraluzcucuta.co\/index.php?rest_route=\/wp\/v2\/posts\/45475\/revisions"}],"predecessor-version":[{"id":45478,"href":"https:\/\/contraluzcucuta.co\/index.php?rest_route=\/wp\/v2\/posts\/45475\/revisions\/45478"}],"wp:featuredmedia":[{"embeddable":true,"href":"https:\/\/contraluzcucuta.co\/index.php?rest_route=\/wp\/v2\/media\/45477"}],"wp:attachment":[{"href":"https:\/\/contraluzcucuta.co\/index.php?rest_route=%2Fwp%2Fv2%2Fmedia&parent=45475"}],"wp:term":[{"taxonomy":"category","embeddable":true,"href":"https:\/\/contraluzcucuta.co\/index.php?rest_route=%2Fwp%2Fv2%2Fcategories&post=45475"},{"taxonomy":"post_tag","embeddable":true,"href":"https:\/\/contraluzcucuta.co\/index.php?rest_route=%2Fwp%2Fv2%2Ftags&post=45475"}],"curies":[{"name":"wp","href":"https:\/\/api.w.org\/{rel}","templated":true}]}}