{"id":45456,"date":"2025-09-18T13:45:59","date_gmt":"2025-09-18T18:45:59","guid":{"rendered":"https:\/\/contraluzcucuta.co\/?p=45456"},"modified":"2025-09-18T13:45:59","modified_gmt":"2025-09-18T18:45:59","slug":"vereda-el-arrayan-alcaldia-atendio-emergencia-generada-por-vendaval","status":"publish","type":"post","link":"https:\/\/contraluzcucuta.co\/?p=45456","title":{"rendered":"VEREDA EL ARRAY\u00c1N. Alcald\u00eda atendi\u00f3 emergencia generada por vendaval"},"content":{"rendered":"<p style=\"text-align: right;\"><strong>RICAURTE \u2013 C\u00facuta.<\/strong><\/p>\n<p><a href=\"https:\/\/contraluzcucuta.co\/wp-content\/uploads\/2025\/09\/RICAURTE-VENDAVAL-2.jpg\"><img loading=\"lazy\" decoding=\"async\" class=\"alignnone  wp-image-45458 alignright\" src=\"https:\/\/contraluzcucuta.co\/wp-content\/uploads\/2025\/09\/RICAURTE-VENDAVAL-2-300x169.jpg\" alt=\"\" width=\"249\" height=\"140\" srcset=\"https:\/\/contraluzcucuta.co\/wp-content\/uploads\/2025\/09\/RICAURTE-VENDAVAL-2-300x169.jpg 300w, https:\/\/contraluzcucuta.co\/wp-content\/uploads\/2025\/09\/RICAURTE-VENDAVAL-2-1024x576.jpg 1024w, https:\/\/contraluzcucuta.co\/wp-content\/uploads\/2025\/09\/RICAURTE-VENDAVAL-2-768x432.jpg 768w, https:\/\/contraluzcucuta.co\/wp-content\/uploads\/2025\/09\/RICAURTE-VENDAVAL-2-600x338.jpg 600w, https:\/\/contraluzcucuta.co\/wp-content\/uploads\/2025\/09\/RICAURTE-VENDAVAL-2.jpg 1280w\" sizes=\"auto, (max-width: 249px) 100vw, 249px\" \/><\/a><\/p>\n<p><strong><span style=\"color: #ff9900;\">La secretar\u00eda de Gesti\u00f3n del Riesgo de Desastres atendi\u00f3 la emergencia ocasionada por un vendaval en la vereda El Array\u00e1n, corregimiento Ricaurte. Diez viviendas resultaron afectadas con da\u00f1os en las cubiertas.<\/span><\/strong><\/p>\n<p>En el lugar se entregaron kits humanitarios de emergencia a las familias damnificadas y se adelant\u00f3 la evaluaci\u00f3n t\u00e9cnica de las estructuras. En articulaci\u00f3n con la Junta de Acci\u00f3n Comunal se coordin\u00f3 la entrega de materiales para la reparaci\u00f3n de las viviendas, mientras se avanza en el balance general y en las gestiones administrativas para la asignaci\u00f3n.<\/p>\n<p>\u201cNuestra prioridad es garantizar que las familias afectadas reciban la atenci\u00f3n inmediata que necesitan\u201d, afirm\u00f3 Fabi\u00e1n Prado, secretario de Gesti\u00f3n del Riesgo de Desastres. El despacho avanza en la coordinaci\u00f3n para que, a la mayor brevedad, los damnificados cuenten con materiales para reparar las viviendas.<\/p>\n<p>La administraci\u00f3n municipal acompa\u00f1a de manera permanente a las comunidades afectadas y trabaja de la mano con los l\u00edderes para garantizar soluciones oportunas y efectivas.<\/p>\n","protected":false},"excerpt":{"rendered":"<p>RICAURTE \u2013 C\u00facuta. La secretar\u00eda de Gesti\u00f3n del Riesgo de Desastres atendi\u00f3 la emergencia ocasionada por un vendaval en la vereda El Array\u00e1n, corregimiento Ricaurte. Diez viviendas resultaron afectadas con da\u00f1os en las cubiertas. En el lugar se entregaron kits humanitarios de emergencia a las familias damnificadas y se adelant\u00f3 la evaluaci\u00f3n t\u00e9cnica de las &hellip;<\/p>\n","protected":false},"author":1,"featured_media":45457,"comment_status":"open","ping_status":"open","sticky":false,"template":"","format":"standard","meta":{"footnotes":""},"categories":[11,4],"tags":[7204,4165],"class_list":["post-45456","post","type-post","status-publish","format-standard","has-post-thumbnail","hentry","category-cronica-roja","category-barra","tag-corregimiento-ricaurte","tag-secretaria-de-gestion-del-riesgo"],"_links":{"self":[{"href":"https:\/\/contraluzcucuta.co\/index.php?rest_route=\/wp\/v2\/posts\/45456","targetHints":{"allow":["GET"]}}],"collection":[{"href":"https:\/\/contraluzcucuta.co\/index.php?rest_route=\/wp\/v2\/posts"}],"about":[{"href":"https:\/\/contraluzcucuta.co\/index.php?rest_route=\/wp\/v2\/types\/post"}],"author":[{"embeddable":true,"href":"https:\/\/contraluzcucuta.co\/index.php?rest_route=\/wp\/v2\/users\/1"}],"replies":[{"embeddable":true,"href":"https:\/\/contraluzcucuta.co\/index.php?rest_route=%2Fwp%2Fv2%2Fcomments&post=45456"}],"version-history":[{"count":1,"href":"https:\/\/contraluzcucuta.co\/index.php?rest_route=\/wp\/v2\/posts\/45456\/revisions"}],"predecessor-version":[{"id":45459,"href":"https:\/\/contraluzcucuta.co\/index.php?rest_route=\/wp\/v2\/posts\/45456\/revisions\/45459"}],"wp:featuredmedia":[{"embeddable":true,"href":"https:\/\/contraluzcucuta.co\/index.php?rest_route=\/wp\/v2\/media\/45457"}],"wp:attachment":[{"href":"https:\/\/contraluzcucuta.co\/index.php?rest_route=%2Fwp%2Fv2%2Fmedia&parent=45456"}],"wp:term":[{"taxonomy":"category","embeddable":true,"href":"https:\/\/contraluzcucuta.co\/index.php?rest_route=%2Fwp%2Fv2%2Fcategories&post=45456"},{"taxonomy":"post_tag","embeddable":true,"href":"https:\/\/contraluzcucuta.co\/index.php?rest_route=%2Fwp%2Fv2%2Ftags&post=45456"}],"curies":[{"name":"wp","href":"https:\/\/api.w.org\/{rel}","templated":true}]}}