{"id":45451,"date":"2025-09-17T11:59:07","date_gmt":"2025-09-17T16:59:07","guid":{"rendered":"https:\/\/contraluzcucuta.co\/?p=45451"},"modified":"2025-09-17T11:59:07","modified_gmt":"2025-09-17T16:59:07","slug":"al-galope-un-caballo-bueno-facilita-la-actuacion-del-deportista-esteban-ramon","status":"publish","type":"post","link":"https:\/\/contraluzcucuta.co\/?p=45451","title":{"rendered":"AL GALOPE. Un caballo bueno facilita la actuaci\u00f3n del deportista: Esteban Ram\u00f3n"},"content":{"rendered":"<p style=\"text-align: right;\"><span style=\"color: #000000;\"><strong>C\u00daCUTA.<\/strong><\/span><\/p>\n<p><strong><span style=\"color: #ff9900;\">La historia tiene los comienzos en la herencia paterna. A los 6 a\u00f1os, Esteban Ram\u00f3n compet\u00eda en la antigua Plaza de Ferias. Ah\u00ed comenz\u00f3 la pasi\u00f3n por los caballos. Luego, para complementar el gusto, estudi\u00f3 agropecuaria. Se hizo instructor, aprendi\u00f3, le tom\u00f3 el pulso a la equitaci\u00f3n y abri\u00f3 el club Equinorte.<\/span><\/strong><\/p>\n<p><a href=\"https:\/\/contraluzcucuta.co\/wp-content\/uploads\/2025\/09\/EQUINORTE-3.jpg\"><img loading=\"lazy\" decoding=\"async\" class=\"alignnone  wp-image-45453 alignleft\" src=\"https:\/\/contraluzcucuta.co\/wp-content\/uploads\/2025\/09\/EQUINORTE-3-300x225.jpg\" alt=\"\" width=\"249\" height=\"187\" srcset=\"https:\/\/contraluzcucuta.co\/wp-content\/uploads\/2025\/09\/EQUINORTE-3-300x225.jpg 300w, https:\/\/contraluzcucuta.co\/wp-content\/uploads\/2025\/09\/EQUINORTE-3-1024x768.jpg 1024w, https:\/\/contraluzcucuta.co\/wp-content\/uploads\/2025\/09\/EQUINORTE-3-768x576.jpg 768w, https:\/\/contraluzcucuta.co\/wp-content\/uploads\/2025\/09\/EQUINORTE-3-600x450.jpg 600w, https:\/\/contraluzcucuta.co\/wp-content\/uploads\/2025\/09\/EQUINORTE-3.jpg 1280w\" sizes=\"auto, (max-width: 249px) 100vw, 249px\" \/><\/a><\/p>\n<p>Ese recorrido lo ha complementado con cursos y capacitaciones acerca del reglamento, de la est\u00e9tica del binomio jinete \u2013 caballo, de la posici\u00f3n al montar y de la empat\u00eda ser humano \u2013 animal. \u201cSi uno no trabaja bien, ninguno de los dos funcionar\u00e1 en la competencia\u201d.<\/p>\n<p>En la categor\u00eda preinfantil, de 6 a 8 a\u00f1os, Norte de Santander se da el orgullo de mostrar el diploma de la campeona mundial Celeste C\u00e1rdenas. Sucedi\u00f3 en el 2022. Otras dos ni\u00f1as, alcanzaron puesto entre las 10 mejores del torneo. La mayor parte del entrenamiento, para alcanzar esos honores, la ha encabezado Esteban, con apoyo de instructores for\u00e1neos y nacionales.<\/p>\n<p>En los torneos internacionales hay banco de caballos, aunque no son los \u00e9lite, ni de la mejor calidad. Se dan las posibilidades de conseguir el animal y participar en las pruebas. \u201cHay ni\u00f1os que compiten con caballos alquilados o prestados. La campeona llev\u00f3 yegua propia\u201d.<\/p>\n<p>La escuela procura estar en competencia constante. Durante el a\u00f1o participa en las v\u00e1lidas y no han faltado a ninguna. A los circuitos nacionales viajaban seis o siete ni\u00f1os; en el \u00faltimo, hicieron presencia con tres. \u201cAspiramos a crecer el grupo. Hay unos aspirantes a competir. No es sencillo\u201d.<\/p>\n<p>Ram\u00f3n reconoce que la calidad del caballo es importante, tanto como la del jinete que debe saber c\u00f3mo sentarse, mantener erguida la espalda, llevar la cara al frente con la mirada fija y los brazos en la mejor posici\u00f3n para agradar a los jueces y obtener la puntuaci\u00f3n que le d\u00e9 la posici\u00f3n de subir al podio.<\/p>\n<p>La mansedumbre del animal es importante para la presentaci\u00f3n de los ni\u00f1os en cada prueba. Los caballos, en la preparaci\u00f3n, tienen montador. Detr\u00e1s del animal est\u00e1n el herrero y el cuidador. \u201cUn caballo bueno y ordenado facilita la actuaci\u00f3n de cada deportista\u201d.<\/p>\n<p>La pr\u00e1ctica para alcanzar la forma y el entendimiento se da tres veces a la semana, con la orientaci\u00f3n del instructor. Antes de cada v\u00e1lida el entrenamiento se intensifica y se hace doble jornada, durante tres o cuatro d\u00edas seguidos. \u201cNo siempre con el caballo de competencia, porque no se puede agotar. Se va a desgastar\u201d. Los ejercicios comprenden rutinas con caballos de pr\u00e1cticas.<\/p>\n<p><a href=\"https:\/\/contraluzcucuta.co\/wp-content\/uploads\/2025\/09\/EQUINORTE-1.jpg\"><img loading=\"lazy\" decoding=\"async\" class=\"alignnone  wp-image-45454 alignright\" src=\"https:\/\/contraluzcucuta.co\/wp-content\/uploads\/2025\/09\/EQUINORTE-1-225x300.jpg\" alt=\"\" width=\"210\" height=\"280\" srcset=\"https:\/\/contraluzcucuta.co\/wp-content\/uploads\/2025\/09\/EQUINORTE-1-225x300.jpg 225w, https:\/\/contraluzcucuta.co\/wp-content\/uploads\/2025\/09\/EQUINORTE-1-768x1024.jpg 768w, https:\/\/contraluzcucuta.co\/wp-content\/uploads\/2025\/09\/EQUINORTE-1-600x800.jpg 600w, https:\/\/contraluzcucuta.co\/wp-content\/uploads\/2025\/09\/EQUINORTE-1.jpg 960w\" sizes=\"auto, (max-width: 210px) 100vw, 210px\" \/><\/a><\/p>\n<p><strong>Soy capaz de dar m\u00e1s<\/strong><\/p>\n<p>Martina Ram\u00f3n Moncada, al igual que su padre, lleva en las venas el gusto por los equinos y ser\u00e1 la heredera de Equinorte. Tiene 10 a\u00f1os, monta por placer y con la mira puesta en los torneos que vendr\u00e1n. Primero aprendi\u00f3 a montar y luego dio los primeros pasos para alegr\u00eda de los padres. \u201cDesde los ocho meses monto a caballo\u201d.<\/p>\n<p>En esta temporada ha tenido inconvenientes con la montura. No ha encontrado el animal que la entienda, que la obedezca y que la lleve al sitial de honor en las competencias. \u201cNo tengo caballo para competir bien\u201d.<\/p>\n<p>En otros circuitos si ha obtenido oro y ocup\u00f3 el primer lugar en la selecci\u00f3n Colombia de su categor\u00eda, en el 2024. Llegar a este nivel le ha exigido disciplina y atenci\u00f3n a las indicaciones del instructor. \u201c\u00c9l sabe que soy capaz de dar m\u00e1s de lo doy\u201d.<\/p>\n<p>Los nervios del comienzo de la competencia desaparecen con cada minuto transcurrido sobre el animal. Y al ganar la presea dorada la expresi\u00f3n cambia y pasa a ser un gesto de alegr\u00eda. \u201cSe siente ch\u00e9vere\u201d.<\/p>\n<p>Por estos d\u00edas se entrena con rigor, porque la siguiente competencia ser\u00e1 a finales de septiembre, en Monter\u00eda. Para alcanzar la forma ideal cuenta con el respaldo de Esteban (entrenador) y de la madre, que cuando observa alg\u00fan detalle lo corrige.<\/p>\n<p><strong>Entrevista: WILLIAM D\u00cdAZ \u2013 nomedigamas<\/strong><\/p>\n","protected":false},"excerpt":{"rendered":"<p>C\u00daCUTA. La historia tiene los comienzos en la herencia paterna. A los 6 a\u00f1os, Esteban Ram\u00f3n compet\u00eda en la antigua Plaza de Ferias. Ah\u00ed comenz\u00f3 la pasi\u00f3n por los caballos. Luego, para complementar el gusto, estudi\u00f3 agropecuaria. Se hizo instructor, aprendi\u00f3, le tom\u00f3 el pulso a la equitaci\u00f3n y abri\u00f3 el club Equinorte. Ese recorrido &hellip;<\/p>\n","protected":false},"author":1,"featured_media":45452,"comment_status":"open","ping_status":"open","sticky":false,"template":"","format":"standard","meta":{"footnotes":""},"categories":[4,28],"tags":[5585,1244,7202,7203],"class_list":["post-45451","post","type-post","status-publish","format-standard","has-post-thumbnail","hentry","category-barra","category-vistazo-deportivo","tag-acord-informa","tag-acord-norte-de-santander","tag-equinorte","tag-equitacion-en-norte-de-santander"],"_links":{"self":[{"href":"https:\/\/contraluzcucuta.co\/index.php?rest_route=\/wp\/v2\/posts\/45451","targetHints":{"allow":["GET"]}}],"collection":[{"href":"https:\/\/contraluzcucuta.co\/index.php?rest_route=\/wp\/v2\/posts"}],"about":[{"href":"https:\/\/contraluzcucuta.co\/index.php?rest_route=\/wp\/v2\/types\/post"}],"author":[{"embeddable":true,"href":"https:\/\/contraluzcucuta.co\/index.php?rest_route=\/wp\/v2\/users\/1"}],"replies":[{"embeddable":true,"href":"https:\/\/contraluzcucuta.co\/index.php?rest_route=%2Fwp%2Fv2%2Fcomments&post=45451"}],"version-history":[{"count":1,"href":"https:\/\/contraluzcucuta.co\/index.php?rest_route=\/wp\/v2\/posts\/45451\/revisions"}],"predecessor-version":[{"id":45455,"href":"https:\/\/contraluzcucuta.co\/index.php?rest_route=\/wp\/v2\/posts\/45451\/revisions\/45455"}],"wp:featuredmedia":[{"embeddable":true,"href":"https:\/\/contraluzcucuta.co\/index.php?rest_route=\/wp\/v2\/media\/45452"}],"wp:attachment":[{"href":"https:\/\/contraluzcucuta.co\/index.php?rest_route=%2Fwp%2Fv2%2Fmedia&parent=45451"}],"wp:term":[{"taxonomy":"category","embeddable":true,"href":"https:\/\/contraluzcucuta.co\/index.php?rest_route=%2Fwp%2Fv2%2Fcategories&post=45451"},{"taxonomy":"post_tag","embeddable":true,"href":"https:\/\/contraluzcucuta.co\/index.php?rest_route=%2Fwp%2Fv2%2Ftags&post=45451"}],"curies":[{"name":"wp","href":"https:\/\/api.w.org\/{rel}","templated":true}]}}