{"id":45445,"date":"2025-09-17T09:07:03","date_gmt":"2025-09-17T14:07:03","guid":{"rendered":"https:\/\/contraluzcucuta.co\/?p=45445"},"modified":"2025-09-17T09:07:03","modified_gmt":"2025-09-17T14:07:03","slug":"feria-territorial-segunda-edicion-de-atencion-al-ciudadano-en-pamplona","status":"publish","type":"post","link":"https:\/\/contraluzcucuta.co\/?p=45445","title":{"rendered":"FERIA TERRITORIAL. Segunda edici\u00f3n de Atenci\u00f3n al Ciudadano, en Pamplona"},"content":{"rendered":"<p style=\"text-align: right;\"><strong>PAMPLONA \u2013 Norte de Santander.<\/strong><\/p>\n<p><strong><span style=\"color: #ff9900;\">Funcionarios de varias secretar\u00edas de la Gobernaci\u00f3n, alcald\u00edas, oficinas descentralizadas y entidades p\u00fablicas atendieron inquietudes, ofrecieron soluciones y presentaron propuestas a los ciudadanos que acudieron a la segunda edici\u00f3n de la Feria Territorial Atenci\u00f3n al Ciudadano.\u00a0<\/span><\/strong>El espacio institucional se cumpli\u00f3 del 8 al 13 de septiembre, en Pamplona.<\/p>\n<p><a href=\"https:\/\/contraluzcucuta.co\/wp-content\/uploads\/2025\/09\/FERIA-TERRITORIAL-PAMPLONA-2.jpg\"><img loading=\"lazy\" decoding=\"async\" class=\"alignnone  wp-image-45447 alignright\" src=\"https:\/\/contraluzcucuta.co\/wp-content\/uploads\/2025\/09\/FERIA-TERRITORIAL-PAMPLONA-2-300x225.jpg\" alt=\"\" width=\"244\" height=\"183\" srcset=\"https:\/\/contraluzcucuta.co\/wp-content\/uploads\/2025\/09\/FERIA-TERRITORIAL-PAMPLONA-2-300x225.jpg 300w, https:\/\/contraluzcucuta.co\/wp-content\/uploads\/2025\/09\/FERIA-TERRITORIAL-PAMPLONA-2-768x576.jpg 768w, https:\/\/contraluzcucuta.co\/wp-content\/uploads\/2025\/09\/FERIA-TERRITORIAL-PAMPLONA-2-600x450.jpg 600w, https:\/\/contraluzcucuta.co\/wp-content\/uploads\/2025\/09\/FERIA-TERRITORIAL-PAMPLONA-2.jpg 857w\" sizes=\"auto, (max-width: 244px) 100vw, 244px\" \/><\/a><\/p>\n<p>Estas ferias representan el ejercicio de descentralizaci\u00f3n que facilita el acceso a tr\u00e1mites y servicios sin desplazarse hasta la capital del departamento. De esta manera, se fortalece el v\u00ednculo entre las instituciones y la comunidad, se brindan respuestas oportunas y se promueve la atenci\u00f3n cercana y eficiente.<\/p>\n<p>\u201cLa ciudadan\u00eda pamplonesa se pudo acercar al parque principal para adelantar con cada una de las dependencias inquietudes, tr\u00e1mites y servicios, y conocer la oferta institucional\u201d, se\u00f1al\u00f3 Oliverio Castellanos, jefe de la Oficina de Relacionamiento Ciudadano.<\/p>\n<p>\u201cEs un gusto para nosotros participar en este evento de la Gobernaci\u00f3n, para dar informaci\u00f3n pertinente para el sector agropecuario, y el resto de las actividades econ\u00f3micas de la Provincia\u201d, dijo la directora del Banco Agrario, territorial Pamplona, Xiomara Sosa.<\/p>\n<p>La feria dej\u00f3 en evidencia la importancia de estos escenarios para generar la oportunidad de acercar la institucionalidad a la comunidad, descentralizar la atenci\u00f3n y facilitar el acceso a tr\u00e1mites y servicios.<\/p>\n<p>Ludy Johanna G\u00e9lvez &#8211; @GoberNorte<\/p>\n","protected":false},"excerpt":{"rendered":"<p>PAMPLONA \u2013 Norte de Santander. Funcionarios de varias secretar\u00edas de la Gobernaci\u00f3n, alcald\u00edas, oficinas descentralizadas y entidades p\u00fablicas atendieron inquietudes, ofrecieron soluciones y presentaron propuestas a los ciudadanos que acudieron a la segunda edici\u00f3n de la Feria Territorial Atenci\u00f3n al Ciudadano.\u00a0El espacio institucional se cumpli\u00f3 del 8 al 13 de septiembre, en Pamplona. Estas ferias &hellip;<\/p>\n","protected":false},"author":1,"featured_media":45446,"comment_status":"open","ping_status":"open","sticky":false,"template":"","format":"standard","meta":{"footnotes":""},"categories":[4,32],"tags":[5323,379,7201],"class_list":["post-45445","post","type-post","status-publish","format-standard","has-post-thumbnail","hentry","category-barra","category-recorrido-por-la-region","tag-banco-agrario","tag-gobernacion-de-norte-de-santander","tag-oficina-de-relacionamiento-ciudadano"],"_links":{"self":[{"href":"https:\/\/contraluzcucuta.co\/index.php?rest_route=\/wp\/v2\/posts\/45445","targetHints":{"allow":["GET"]}}],"collection":[{"href":"https:\/\/contraluzcucuta.co\/index.php?rest_route=\/wp\/v2\/posts"}],"about":[{"href":"https:\/\/contraluzcucuta.co\/index.php?rest_route=\/wp\/v2\/types\/post"}],"author":[{"embeddable":true,"href":"https:\/\/contraluzcucuta.co\/index.php?rest_route=\/wp\/v2\/users\/1"}],"replies":[{"embeddable":true,"href":"https:\/\/contraluzcucuta.co\/index.php?rest_route=%2Fwp%2Fv2%2Fcomments&post=45445"}],"version-history":[{"count":1,"href":"https:\/\/contraluzcucuta.co\/index.php?rest_route=\/wp\/v2\/posts\/45445\/revisions"}],"predecessor-version":[{"id":45448,"href":"https:\/\/contraluzcucuta.co\/index.php?rest_route=\/wp\/v2\/posts\/45445\/revisions\/45448"}],"wp:featuredmedia":[{"embeddable":true,"href":"https:\/\/contraluzcucuta.co\/index.php?rest_route=\/wp\/v2\/media\/45446"}],"wp:attachment":[{"href":"https:\/\/contraluzcucuta.co\/index.php?rest_route=%2Fwp%2Fv2%2Fmedia&parent=45445"}],"wp:term":[{"taxonomy":"category","embeddable":true,"href":"https:\/\/contraluzcucuta.co\/index.php?rest_route=%2Fwp%2Fv2%2Fcategories&post=45445"},{"taxonomy":"post_tag","embeddable":true,"href":"https:\/\/contraluzcucuta.co\/index.php?rest_route=%2Fwp%2Fv2%2Ftags&post=45445"}],"curies":[{"name":"wp","href":"https:\/\/api.w.org\/{rel}","templated":true}]}}