{"id":45432,"date":"2025-09-15T14:46:58","date_gmt":"2025-09-15T19:46:58","guid":{"rendered":"https:\/\/contraluzcucuta.co\/?p=45432"},"modified":"2025-09-15T14:46:58","modified_gmt":"2025-09-15T19:46:58","slug":"agresion-a-docentes-y-directivos-alcaldia-y-secretaria-de-educacion-rechazan-actos-de-violencia","status":"publish","type":"post","link":"https:\/\/contraluzcucuta.co\/?p=45432","title":{"rendered":"AGRESI\u00d3N A DOCENTES Y DIRECTIVOS. Alcald\u00eda y secretar\u00eda de Educaci\u00f3n rechazan actos de violencia"},"content":{"rendered":"<p style=\"text-align: right;\"><strong>C\u00daCUTA.<\/strong><\/p>\n<p><strong><span style=\"color: #ff9900;\">La secretar\u00eda de Educaci\u00f3n de C\u00facuta rechaz\u00f3 las agresiones contra personal de talento humano educativo en el ejercicio de sus funciones. Estos actos constituyen grave vulneraci\u00f3n a la integridad personal y profesional de quienes cumplen con la misi\u00f3n de formar a las nuevas generaciones.<\/span><\/strong><\/p>\n<p>Tambi\u00e9n, atentan contra el principio de respeto que debe primar en toda relaci\u00f3n del entorno escolar. Resulta inadmisible que quienes tienen la responsabilidad de educar sean objeto de violencia verbal, f\u00edsica o sicol\u00f3gica por parte de miembros de la comunidad o de actores externos.<\/p>\n<p>La Constituci\u00f3n Pol\u00edtica de Colombia reconoce la educaci\u00f3n como derecho fundamental y funci\u00f3n social esencial. El personal administrativo, docente y directivo docente, como servidores p\u00fablicos, goza de las garant\u00edas consagradas en la Ley General de Educaci\u00f3n (Ley 115 de 1994) y dem\u00e1s normas concordantes.<\/p>\n<p>Cualquier agresi\u00f3n puede dar lugar a conductas punibles previstas en el C\u00f3digo Penal Colombiano, entre las que destacan violencia contra servidor p\u00fablico, amenazas, lesiones personales e injuria.<\/p>\n<p>La secretar\u00eda de Educaci\u00f3n efectu\u00f3 comunicaci\u00f3n directa con las autoridades judiciales y activ\u00f3 las rutas institucionales de atenci\u00f3n. Garantizar\u00e1 acompa\u00f1amiento sicosocial y jur\u00eddico a los funcionarios afectados, en cumplimiento de la normativa vigente.<\/p>\n<p>\u201cHacemos un llamado respetuoso y urgente a la comunidad educativa a privilegiar siempre el di\u00e1logo, la resoluci\u00f3n pac\u00edfica de los conflictos y el uso adecuado de los canales institucionales. La agresi\u00f3n nunca puede ser un camino leg\u00edtimo ni tolerado\u201d, dijo el titular del despacho C\u00e9sar Ricardo Rojas.<\/p>\n","protected":false},"excerpt":{"rendered":"<p>C\u00daCUTA. La secretar\u00eda de Educaci\u00f3n de C\u00facuta rechaz\u00f3 las agresiones contra personal de talento humano educativo en el ejercicio de sus funciones. Estos actos constituyen grave vulneraci\u00f3n a la integridad personal y profesional de quienes cumplen con la misi\u00f3n de formar a las nuevas generaciones. Tambi\u00e9n, atentan contra el principio de respeto que debe primar &hellip;<\/p>\n","protected":false},"author":1,"featured_media":45433,"comment_status":"open","ping_status":"open","sticky":false,"template":"","format":"standard","meta":{"footnotes":""},"categories":[11,4],"tags":[7196,7195],"class_list":["post-45432","post","type-post","status-publish","format-standard","has-post-thumbnail","hentry","category-cronica-roja","category-barra","tag-ley-general-de-educacion","tag-secretaria-de-educacion-de-cucuta"],"_links":{"self":[{"href":"https:\/\/contraluzcucuta.co\/index.php?rest_route=\/wp\/v2\/posts\/45432","targetHints":{"allow":["GET"]}}],"collection":[{"href":"https:\/\/contraluzcucuta.co\/index.php?rest_route=\/wp\/v2\/posts"}],"about":[{"href":"https:\/\/contraluzcucuta.co\/index.php?rest_route=\/wp\/v2\/types\/post"}],"author":[{"embeddable":true,"href":"https:\/\/contraluzcucuta.co\/index.php?rest_route=\/wp\/v2\/users\/1"}],"replies":[{"embeddable":true,"href":"https:\/\/contraluzcucuta.co\/index.php?rest_route=%2Fwp%2Fv2%2Fcomments&post=45432"}],"version-history":[{"count":1,"href":"https:\/\/contraluzcucuta.co\/index.php?rest_route=\/wp\/v2\/posts\/45432\/revisions"}],"predecessor-version":[{"id":45434,"href":"https:\/\/contraluzcucuta.co\/index.php?rest_route=\/wp\/v2\/posts\/45432\/revisions\/45434"}],"wp:featuredmedia":[{"embeddable":true,"href":"https:\/\/contraluzcucuta.co\/index.php?rest_route=\/wp\/v2\/media\/45433"}],"wp:attachment":[{"href":"https:\/\/contraluzcucuta.co\/index.php?rest_route=%2Fwp%2Fv2%2Fmedia&parent=45432"}],"wp:term":[{"taxonomy":"category","embeddable":true,"href":"https:\/\/contraluzcucuta.co\/index.php?rest_route=%2Fwp%2Fv2%2Fcategories&post=45432"},{"taxonomy":"post_tag","embeddable":true,"href":"https:\/\/contraluzcucuta.co\/index.php?rest_route=%2Fwp%2Fv2%2Ftags&post=45432"}],"curies":[{"name":"wp","href":"https:\/\/api.w.org\/{rel}","templated":true}]}}