{"id":45426,"date":"2025-09-15T14:31:24","date_gmt":"2025-09-15T19:31:24","guid":{"rendered":"https:\/\/contraluzcucuta.co\/?p=45426"},"modified":"2025-09-15T14:31:24","modified_gmt":"2025-09-15T19:31:24","slug":"escuelas-de-campo-impulsan-capacidades-tecnicas-de-productores-ovino-caprinos-en-norte-de-santander","status":"publish","type":"post","link":"https:\/\/contraluzcucuta.co\/?p=45426","title":{"rendered":"ESCUELAS DE CAMPO. Impulsan capacidades t\u00e9cnicas de productores ovino-caprinos en Norte de Santander"},"content":{"rendered":"<p style=\"text-align: right;\"><strong>BOCHALEMA \u2013 Norte de Santander.<\/strong><\/p>\n<p><strong><span style=\"color: #ff9900;\">Ciento sesenta productores rurales de ocho municipios de Norte de Santander se beneficiar\u00e1n con la puesta en marcha del componente formativo del proyecto Fortalecimiento de capacidades a la cadena productiva ovino-caprina mediante pr\u00e1cticas sostenibles de CTeI que favorezcan la seguridad alimentaria en el departamento.<\/span><\/strong><\/p>\n<p><a href=\"https:\/\/contraluzcucuta.co\/wp-content\/uploads\/2025\/09\/ESCUELAS-DE-CAMPO-2-1.jpg\"><img loading=\"lazy\" decoding=\"async\" class=\"alignnone  wp-image-45429 alignleft\" src=\"https:\/\/contraluzcucuta.co\/wp-content\/uploads\/2025\/09\/ESCUELAS-DE-CAMPO-2-1-300x143.jpg\" alt=\"\" width=\"248\" height=\"118\" srcset=\"https:\/\/contraluzcucuta.co\/wp-content\/uploads\/2025\/09\/ESCUELAS-DE-CAMPO-2-1-300x143.jpg 300w, https:\/\/contraluzcucuta.co\/wp-content\/uploads\/2025\/09\/ESCUELAS-DE-CAMPO-2-1-1024x490.jpg 1024w, https:\/\/contraluzcucuta.co\/wp-content\/uploads\/2025\/09\/ESCUELAS-DE-CAMPO-2-1-768x367.jpg 768w, https:\/\/contraluzcucuta.co\/wp-content\/uploads\/2025\/09\/ESCUELAS-DE-CAMPO-2-1-600x287.jpg 600w, https:\/\/contraluzcucuta.co\/wp-content\/uploads\/2025\/09\/ESCUELAS-DE-CAMPO-2-1.jpg 1031w\" sizes=\"auto, (max-width: 248px) 100vw, 248px\" \/><\/a><\/p>\n<p>La estrategia se desarrolla mediante las\u00a0Escuelas de Campo para Agricultores (ECAS). La metodolog\u00eda de aprendizaje pr\u00e1ctico permite a los productores mejorar las capacidades t\u00e9cnicas en los entornos productivos. La formaci\u00f3n tiene lugar en Tib\u00fa, Sardinata, Santiago, El Zulia, C\u00facuta, Bochalema, Pamplonita y Salazar. Es liderada por expertos en \u00e1reas clave del desarrollo ganadero sostenible.<\/p>\n<p>Dixon Fabian Fl\u00f3rez, investigador del proyecto,\u00a0dijo que \u201clas Escuelas de Campo permiten actualizar conocimientos y generar intercambios que se convierten en claves para el desarrollo del sector ovino-caprino en la regi\u00f3n\u201d. Dubel Reinaldo Cely, investigador, resalt\u00f3 que\u00a0<em>\u201c<\/em>la meta es consolidar procesos de transferencia de conocimiento que dejen capacidades instaladas en los productores, impactando directamente en el aumento de la productividad y sostenibilidad del sistema\u201d.<\/p>\n<p><strong>Capacitaci\u00f3n t\u00e9cnica con enfoque sostenible<\/strong><\/p>\n<p>El modelo ECAS contempla\u00a0jornadas de capacitaci\u00f3n\u00a0por cada tema, dirigidas a grupos de 20 productores. Cada sesi\u00f3n tiene duraci\u00f3n de\u00a0ocho horas\u00a0e incluye:<\/p>\n<p>Sistemas silvopastoriles y abonos org\u00e1nicos con microorganismos eficientes:<\/p>\n<ul>\n<li>Promueve la integraci\u00f3n de \u00e1rboles y forrajes en los sistemas ganaderos para mejorar la nutrici\u00f3n animal y la salud del suelo.<\/li>\n<\/ul>\n<p>Alimentaci\u00f3n animal<\/p>\n<ul>\n<li>Ense\u00f1a t\u00e9cnicas de conservaci\u00f3n de forrajes, preparaci\u00f3n de bloques multinutricionales y uso de Recursos forrajeros locales.<\/li>\n<\/ul>\n<p>Sanidad, bienestar animal y mejoramiento gen\u00e9tico<\/p>\n<ul>\n<li>Promueve la organizaci\u00f3n de las actividades del sistema de producci\u00f3n en pro de optimizar los procesos direccionados hacia la sostenibilidad. Identifica los posibles riesgos que pueden presentarse en el quehacer diario del ganadero y la manera de minimizarlos.<\/li>\n<\/ul>\n<p>Cada jornada es liderada por ingenieros agr\u00f3nomos, zootecnistas, veterinarios y genetistas especializados.<\/p>\n<p style=\"text-align: right;\">\n<p><a href=\"https:\/\/contraluzcucuta.co\/wp-content\/uploads\/2025\/09\/ESCUELAS-DE-CAMPO-3.jpg\"><img loading=\"lazy\" decoding=\"async\" class=\"size-medium wp-image-45430 alignright\" src=\"https:\/\/contraluzcucuta.co\/wp-content\/uploads\/2025\/09\/ESCUELAS-DE-CAMPO-3-300x158.jpg\" alt=\"\" width=\"300\" height=\"158\" srcset=\"https:\/\/contraluzcucuta.co\/wp-content\/uploads\/2025\/09\/ESCUELAS-DE-CAMPO-3-300x158.jpg 300w, https:\/\/contraluzcucuta.co\/wp-content\/uploads\/2025\/09\/ESCUELAS-DE-CAMPO-3-1024x539.jpg 1024w, https:\/\/contraluzcucuta.co\/wp-content\/uploads\/2025\/09\/ESCUELAS-DE-CAMPO-3-768x404.jpg 768w, https:\/\/contraluzcucuta.co\/wp-content\/uploads\/2025\/09\/ESCUELAS-DE-CAMPO-3-600x316.jpg 600w, https:\/\/contraluzcucuta.co\/wp-content\/uploads\/2025\/09\/ESCUELAS-DE-CAMPO-3.jpg 1110w\" sizes=\"auto, (max-width: 300px) 100vw, 300px\" \/><\/a><strong>Nuevas generaciones: los \u201cOvejeritos\u201d<\/strong><\/p>\n<p>Como parte de la apuesta por la apropiaci\u00f3n social del conocimiento, el proyecto incluye un\u00a0D\u00eda de Campo con el grupo Ovejeritos, conformado por hijos de los productores priorizados.<\/p>\n<p>La jornada l\u00fadico-pedag\u00f3gica busca sensibilizar a ni\u00f1os y j\u00f3venes sobre el valor del trabajo rural, la producci\u00f3n ovino-caprina y el cuidado de los animales. As\u00ed, la nueva generaci\u00f3n de productores crecer\u00e1 con conciencia ambiental y tecnol\u00f3gica.<\/p>\n<p>El proyecto hace parte de la estrategia regional para fortalecer las capacidades locales mediante la\u00a0Ciencia, Tecnolog\u00eda e Innovaci\u00f3n (CTeI). Promueve el aumento en la productividad animal y la mejora de la calidad de vida de las familias campesinas.<\/p>\n<p>Por medio de la transferencia tecnol\u00f3gica y el uso de herramientas digitales, los productores acceden a nuevas posibilidades para desarrollar los sistemas de producci\u00f3n. El componente culminar\u00e1 con\u00a0dos giras nacionales\u00a0a sistemas pioneros en producci\u00f3n ovino-caprina. La visita permitir\u00e1 conocer experiencias exitosas y replicables en el departamento.<\/p>\n","protected":false},"excerpt":{"rendered":"<p>BOCHALEMA \u2013 Norte de Santander. Ciento sesenta productores rurales de ocho municipios de Norte de Santander se beneficiar\u00e1n con la puesta en marcha del componente formativo del proyecto Fortalecimiento de capacidades a la cadena productiva ovino-caprina mediante pr\u00e1cticas sostenibles de CTeI que favorezcan la seguridad alimentaria en el departamento. La estrategia se desarrolla mediante las\u00a0Escuelas &hellip;<\/p>\n","protected":false},"author":1,"featured_media":45427,"comment_status":"open","ping_status":"open","sticky":false,"template":"","format":"standard","meta":{"footnotes":""},"categories":[4,32],"tags":[7193,7194,7192],"class_list":["post-45426","post","type-post","status-publish","format-standard","has-post-thumbnail","hentry","category-barra","category-recorrido-por-la-region","tag-cadena-productiva-ovino-caprina","tag-escuelas-de-campo-para-agricultores","tag-productores-rurales"],"_links":{"self":[{"href":"https:\/\/contraluzcucuta.co\/index.php?rest_route=\/wp\/v2\/posts\/45426","targetHints":{"allow":["GET"]}}],"collection":[{"href":"https:\/\/contraluzcucuta.co\/index.php?rest_route=\/wp\/v2\/posts"}],"about":[{"href":"https:\/\/contraluzcucuta.co\/index.php?rest_route=\/wp\/v2\/types\/post"}],"author":[{"embeddable":true,"href":"https:\/\/contraluzcucuta.co\/index.php?rest_route=\/wp\/v2\/users\/1"}],"replies":[{"embeddable":true,"href":"https:\/\/contraluzcucuta.co\/index.php?rest_route=%2Fwp%2Fv2%2Fcomments&post=45426"}],"version-history":[{"count":1,"href":"https:\/\/contraluzcucuta.co\/index.php?rest_route=\/wp\/v2\/posts\/45426\/revisions"}],"predecessor-version":[{"id":45431,"href":"https:\/\/contraluzcucuta.co\/index.php?rest_route=\/wp\/v2\/posts\/45426\/revisions\/45431"}],"wp:featuredmedia":[{"embeddable":true,"href":"https:\/\/contraluzcucuta.co\/index.php?rest_route=\/wp\/v2\/media\/45427"}],"wp:attachment":[{"href":"https:\/\/contraluzcucuta.co\/index.php?rest_route=%2Fwp%2Fv2%2Fmedia&parent=45426"}],"wp:term":[{"taxonomy":"category","embeddable":true,"href":"https:\/\/contraluzcucuta.co\/index.php?rest_route=%2Fwp%2Fv2%2Fcategories&post=45426"},{"taxonomy":"post_tag","embeddable":true,"href":"https:\/\/contraluzcucuta.co\/index.php?rest_route=%2Fwp%2Fv2%2Ftags&post=45426"}],"curies":[{"name":"wp","href":"https:\/\/api.w.org\/{rel}","templated":true}]}}