{"id":45421,"date":"2025-09-15T14:14:33","date_gmt":"2025-09-15T19:14:33","guid":{"rendered":"https:\/\/contraluzcucuta.co\/?p=45421"},"modified":"2025-09-15T14:14:33","modified_gmt":"2025-09-15T19:14:33","slug":"centro-de-eventos-y-exposiciones-40-de-avance-de-la-construccion","status":"publish","type":"post","link":"https:\/\/contraluzcucuta.co\/?p=45421","title":{"rendered":"CENTRO DE EVENTOS Y EXPOSICIONES. 40 % de avance de la construcci\u00f3n"},"content":{"rendered":"<p style=\"text-align: right;\"><strong>C\u00daCUTA.<\/strong><\/p>\n<p><strong><span style=\"color: #ff9900;\">La construcci\u00f3n del Centro de Eventos, Exposiciones e Innovaci\u00f3n de Norte de Santander avanza en 40 por ciento. La obra es considerada como estrat\u00e9gica para el desarrollo productivo, empresarial y cultural de la regi\u00f3n. El proyecto transformar\u00e1 la antigua Plaza de Toros de C\u00facuta en moderna edificaci\u00f3n.<\/span><\/strong><\/p>\n<p><a href=\"https:\/\/contraluzcucuta.co\/wp-content\/uploads\/2025\/09\/CENTRO-DE-EVENTOS-13.jpg\"><img loading=\"lazy\" decoding=\"async\" class=\"alignnone  wp-image-45423 alignleft\" src=\"https:\/\/contraluzcucuta.co\/wp-content\/uploads\/2025\/09\/CENTRO-DE-EVENTOS-13-300x225.jpg\" alt=\"\" width=\"247\" height=\"185\" srcset=\"https:\/\/contraluzcucuta.co\/wp-content\/uploads\/2025\/09\/CENTRO-DE-EVENTOS-13-300x225.jpg 300w, https:\/\/contraluzcucuta.co\/wp-content\/uploads\/2025\/09\/CENTRO-DE-EVENTOS-13-1024x767.jpg 1024w, https:\/\/contraluzcucuta.co\/wp-content\/uploads\/2025\/09\/CENTRO-DE-EVENTOS-13-768x575.jpg 768w, https:\/\/contraluzcucuta.co\/wp-content\/uploads\/2025\/09\/CENTRO-DE-EVENTOS-13-600x450.jpg 600w, https:\/\/contraluzcucuta.co\/wp-content\/uploads\/2025\/09\/CENTRO-DE-EVENTOS-13.jpg 1280w\" sizes=\"auto, (max-width: 247px) 100vw, 247px\" \/><\/a><\/p>\n<p>Los m\u00e1s de 26.000 metros cuadrados, distribuidos en tres pisos, est\u00e1n dise\u00f1ados para convertirse en epicentro de negocios, ferias, congresos, eventos culturales e iniciativas de innovaci\u00f3n.<\/p>\n<p>La infraestructura contempla dos auditorios. Uno con capacidad para 1400 asistentes, en el primer piso, y otro para 490 en el tercer nivel. Pabellones, terrazas de comida, museo-galer\u00eda, \u00e1reas de urbanismo y zonas comunes fortalecer\u00e1n la integraci\u00f3n ciudadana.<\/p>\n<p>Primer piso<\/p>\n<ul>\n<li>Museo, Escuela de Gesti\u00f3n P\u00fablica y Participaci\u00f3n Ciudadana de Norte de Santander y Canal TRO.<\/li>\n<\/ul>\n<p><a href=\"https:\/\/contraluzcucuta.co\/wp-content\/uploads\/2025\/09\/CENTRO-DE-EVENTOS-11.jpg\"><img loading=\"lazy\" decoding=\"async\" class=\"alignnone  wp-image-45424 alignright\" src=\"https:\/\/contraluzcucuta.co\/wp-content\/uploads\/2025\/09\/CENTRO-DE-EVENTOS-11-300x225.jpg\" alt=\"\" width=\"247\" height=\"185\" srcset=\"https:\/\/contraluzcucuta.co\/wp-content\/uploads\/2025\/09\/CENTRO-DE-EVENTOS-11-300x225.jpg 300w, https:\/\/contraluzcucuta.co\/wp-content\/uploads\/2025\/09\/CENTRO-DE-EVENTOS-11-1024x767.jpg 1024w, https:\/\/contraluzcucuta.co\/wp-content\/uploads\/2025\/09\/CENTRO-DE-EVENTOS-11-768x575.jpg 768w, https:\/\/contraluzcucuta.co\/wp-content\/uploads\/2025\/09\/CENTRO-DE-EVENTOS-11-600x450.jpg 600w, https:\/\/contraluzcucuta.co\/wp-content\/uploads\/2025\/09\/CENTRO-DE-EVENTOS-11.jpg 1280w\" sizes=\"auto, (max-width: 247px) 100vw, 247px\" \/><\/a><\/p>\n<p>Segundo piso<\/p>\n<ul>\n<li>Espacios de trabajo compartido, f\u00edsico o virtual; 15 oficinas para la innovaci\u00f3n, la conectividad, el desarrollo de negocios y proyectos, y laboratorios de pensamiento, TIC, prototipado r\u00e1pido y el \u00c1rea 5.0, enfocada en fomentar el inter\u00e9s de ni\u00f1os, ni\u00f1as y adolescentes por la tecnolog\u00eda.<\/li>\n<\/ul>\n<p>Tercer piso<\/p>\n<ul>\n<li>Integrar\u00e1 espacios institucionales y estrat\u00e9gicos para potenciar la articulaci\u00f3n de proyectos regionales.<\/li>\n<\/ul>\n<p><strong>Luis Tob\u00f3n &#8211; @GoberNorte<\/strong><\/p>\n","protected":false},"excerpt":{"rendered":"<p>C\u00daCUTA. La construcci\u00f3n del Centro de Eventos, Exposiciones e Innovaci\u00f3n de Norte de Santander avanza en 40 por ciento. La obra es considerada como estrat\u00e9gica para el desarrollo productivo, empresarial y cultural de la regi\u00f3n. El proyecto transformar\u00e1 la antigua Plaza de Toros de C\u00facuta en moderna edificaci\u00f3n. Los m\u00e1s de 26.000 metros cuadrados, distribuidos &hellip;<\/p>\n","protected":false},"author":1,"featured_media":45422,"comment_status":"open","ping_status":"open","sticky":false,"template":"","format":"standard","meta":{"footnotes":""},"categories":[45,4],"tags":[4182,6676,7191],"class_list":["post-45421","post","type-post","status-publish","format-standard","has-post-thumbnail","hentry","category-destacado","category-barra","tag-centro-de-eventos","tag-exposiciones-e-innovacion","tag-plaza-de-toros-de-cucuta"],"_links":{"self":[{"href":"https:\/\/contraluzcucuta.co\/index.php?rest_route=\/wp\/v2\/posts\/45421","targetHints":{"allow":["GET"]}}],"collection":[{"href":"https:\/\/contraluzcucuta.co\/index.php?rest_route=\/wp\/v2\/posts"}],"about":[{"href":"https:\/\/contraluzcucuta.co\/index.php?rest_route=\/wp\/v2\/types\/post"}],"author":[{"embeddable":true,"href":"https:\/\/contraluzcucuta.co\/index.php?rest_route=\/wp\/v2\/users\/1"}],"replies":[{"embeddable":true,"href":"https:\/\/contraluzcucuta.co\/index.php?rest_route=%2Fwp%2Fv2%2Fcomments&post=45421"}],"version-history":[{"count":1,"href":"https:\/\/contraluzcucuta.co\/index.php?rest_route=\/wp\/v2\/posts\/45421\/revisions"}],"predecessor-version":[{"id":45425,"href":"https:\/\/contraluzcucuta.co\/index.php?rest_route=\/wp\/v2\/posts\/45421\/revisions\/45425"}],"wp:featuredmedia":[{"embeddable":true,"href":"https:\/\/contraluzcucuta.co\/index.php?rest_route=\/wp\/v2\/media\/45422"}],"wp:attachment":[{"href":"https:\/\/contraluzcucuta.co\/index.php?rest_route=%2Fwp%2Fv2%2Fmedia&parent=45421"}],"wp:term":[{"taxonomy":"category","embeddable":true,"href":"https:\/\/contraluzcucuta.co\/index.php?rest_route=%2Fwp%2Fv2%2Fcategories&post=45421"},{"taxonomy":"post_tag","embeddable":true,"href":"https:\/\/contraluzcucuta.co\/index.php?rest_route=%2Fwp%2Fv2%2Ftags&post=45421"}],"curies":[{"name":"wp","href":"https:\/\/api.w.org\/{rel}","templated":true}]}}