{"id":45417,"date":"2025-09-15T13:25:59","date_gmt":"2025-09-15T18:25:59","guid":{"rendered":"https:\/\/contraluzcucuta.co\/?p=45417"},"modified":"2025-09-15T13:26:11","modified_gmt":"2025-09-15T18:26:11","slug":"sala-de-lectura-juan-atalaya-espacio-de-formacion-en-valores-por-medio-de-los-libros","status":"publish","type":"post","link":"https:\/\/contraluzcucuta.co\/?p=45417","title":{"rendered":"SALA DE LECTURA JUAN ATALAYA. Espacio de formaci\u00f3n en valores por medio de los libros"},"content":{"rendered":"<p style=\"text-align: right;\"><strong>C\u00daCUTA.<\/strong><\/p>\n<p><strong><span style=\"color: #ff9900;\">La secretar\u00eda de Cultura y Patrimonio fortalece el compromiso con la formaci\u00f3n integral de la ni\u00f1ez. La estrategia de Promoci\u00f3n de Lectura en la Sala Juan Atalaya es el espacio dise\u00f1ado para que los ni\u00f1os participen en experiencias significativas de lectura.<\/span><\/strong><\/p>\n<p><a href=\"https:\/\/contraluzcucuta.co\/wp-content\/uploads\/2025\/09\/SALA-DE-LECTURA-ATALAYA-2.jpg\"><img loading=\"lazy\" decoding=\"async\" class=\"alignnone wp-image-45419 alignleft\" src=\"https:\/\/contraluzcucuta.co\/wp-content\/uploads\/2025\/09\/SALA-DE-LECTURA-ATALAYA-2-300x220.jpg\" alt=\"\" width=\"250\" height=\"183\" srcset=\"https:\/\/contraluzcucuta.co\/wp-content\/uploads\/2025\/09\/SALA-DE-LECTURA-ATALAYA-2-300x220.jpg 300w, https:\/\/contraluzcucuta.co\/wp-content\/uploads\/2025\/09\/SALA-DE-LECTURA-ATALAYA-2-768x563.jpg 768w, https:\/\/contraluzcucuta.co\/wp-content\/uploads\/2025\/09\/SALA-DE-LECTURA-ATALAYA-2-600x440.jpg 600w, https:\/\/contraluzcucuta.co\/wp-content\/uploads\/2025\/09\/SALA-DE-LECTURA-ATALAYA-2.jpg 796w\" sizes=\"auto, (max-width: 250px) 100vw, 250px\" \/><\/a><\/p>\n<p>Durante las sesiones de lectura, los participantes aprenden:<\/p>\n<ul>\n<li>A expresar emociones e ideas con respeto<\/li>\n<li>A escuchar a los dem\u00e1s<\/li>\n<li>A reforzar valores de empat\u00eda, amistad y convivencia.<\/li>\n<li>A descubrir el placer de los libros<\/li>\n<li>A desarrollar habilidades comunicativas y sociales fundamentales.<\/li>\n<\/ul>\n<p>La iniciativa fomenta el h\u00e1bito lector y se convierte en escenario de transformaci\u00f3n social desde la infancia. Hace parte del plan de trabajo de la secretar\u00eda de Cultura y Patrimonio, que impulsa programas de acceso y participaci\u00f3n cultural en la ciudad. La zona priorizada es la Comuna 7, en la Sala de Lectura Juan Atalaya.<\/p>\n<p>\u201cEstamos convencidos de que la lectura forma lectores y ciudadanos emp\u00e1ticos, respetuosos y conscientes del entorno\u201d, expres\u00f3 el secretario de Cultura y Patrimonio de C\u00facuta, Nadim Bayona.<\/p>\n<p>La Sala de Lectura Juan Atalaya permite despertar en la ni\u00f1ez los valores que se reflejar\u00e1n en la sociedad cucute\u00f1a del futuro.<\/p>\n","protected":false},"excerpt":{"rendered":"<p>C\u00daCUTA. La secretar\u00eda de Cultura y Patrimonio fortalece el compromiso con la formaci\u00f3n integral de la ni\u00f1ez. La estrategia de Promoci\u00f3n de Lectura en la Sala Juan Atalaya es el espacio dise\u00f1ado para que los ni\u00f1os participen en experiencias significativas de lectura. Durante las sesiones de lectura, los participantes aprenden: A expresar emociones e ideas &hellip;<\/p>\n","protected":false},"author":1,"featured_media":45418,"comment_status":"open","ping_status":"open","sticky":false,"template":"","format":"standard","meta":{"footnotes":""},"categories":[4,37],"tags":[7190,7064],"class_list":["post-45417","post","type-post","status-publish","format-standard","has-post-thumbnail","hentry","category-barra","category-paseo-cultural","tag-sala-de-lectura-juan-atalaya","tag-secretaria-de-cultura-y-patrimonio"],"_links":{"self":[{"href":"https:\/\/contraluzcucuta.co\/index.php?rest_route=\/wp\/v2\/posts\/45417","targetHints":{"allow":["GET"]}}],"collection":[{"href":"https:\/\/contraluzcucuta.co\/index.php?rest_route=\/wp\/v2\/posts"}],"about":[{"href":"https:\/\/contraluzcucuta.co\/index.php?rest_route=\/wp\/v2\/types\/post"}],"author":[{"embeddable":true,"href":"https:\/\/contraluzcucuta.co\/index.php?rest_route=\/wp\/v2\/users\/1"}],"replies":[{"embeddable":true,"href":"https:\/\/contraluzcucuta.co\/index.php?rest_route=%2Fwp%2Fv2%2Fcomments&post=45417"}],"version-history":[{"count":1,"href":"https:\/\/contraluzcucuta.co\/index.php?rest_route=\/wp\/v2\/posts\/45417\/revisions"}],"predecessor-version":[{"id":45420,"href":"https:\/\/contraluzcucuta.co\/index.php?rest_route=\/wp\/v2\/posts\/45417\/revisions\/45420"}],"wp:featuredmedia":[{"embeddable":true,"href":"https:\/\/contraluzcucuta.co\/index.php?rest_route=\/wp\/v2\/media\/45418"}],"wp:attachment":[{"href":"https:\/\/contraluzcucuta.co\/index.php?rest_route=%2Fwp%2Fv2%2Fmedia&parent=45417"}],"wp:term":[{"taxonomy":"category","embeddable":true,"href":"https:\/\/contraluzcucuta.co\/index.php?rest_route=%2Fwp%2Fv2%2Fcategories&post=45417"},{"taxonomy":"post_tag","embeddable":true,"href":"https:\/\/contraluzcucuta.co\/index.php?rest_route=%2Fwp%2Fv2%2Ftags&post=45417"}],"curies":[{"name":"wp","href":"https:\/\/api.w.org\/{rel}","templated":true}]}}