{"id":45414,"date":"2025-09-11T17:16:58","date_gmt":"2025-09-11T22:16:58","guid":{"rendered":"https:\/\/contraluzcucuta.co\/?p=45414"},"modified":"2025-09-11T17:16:58","modified_gmt":"2025-09-11T22:16:58","slug":"empleo-para-la-paz-y-la-inclusion-pamplona-sera-sede-de-la-tercera-feria-laboral","status":"publish","type":"post","link":"https:\/\/contraluzcucuta.co\/?p=45414","title":{"rendered":"EMPLEO PARA LA PAZ Y LA INCLUSI\u00d3N. Pamplona ser\u00e1 sede de la tercera Feria Laboral"},"content":{"rendered":"<p style=\"text-align: right;\"><strong>C\u00daCUTA.<\/strong><\/p>\n<p><strong><span style=\"color: #ff9900;\">La secretar\u00eda de Desarrollo Econ\u00f3mico y Productividad anunci\u00f3 la tercera Feria Laboral Empleo para la Paz y la Inclusi\u00f3n. El espacio conectar\u00e1 a buscadores de empleo con empresas y entidades que ofrecen oportunidades laborales en la regi\u00f3n. El evento tendr\u00e1 lugar, el 2 de octubre, de 8:00 de la ma\u00f1ana a 4:00 de la tarde, en la Casona de la Universidad de Pamplona.<\/span><\/strong><\/p>\n<p>Como parte de la estrategia, los participantes podr\u00e1n acceder previamente a jornadas de capacitaci\u00f3n sobre:<\/p>\n<ul>\n<li>Elaboraci\u00f3n de hoja de vida<\/li>\n<li>Entrevista efectiva<\/li>\n<li>Registros y procesos de inscripci\u00f3n en las plataformas de intermediaci\u00f3n laboral<\/li>\n<li>Registro en la Feria Laboral. Permite agilizar el ingreso.<\/li>\n<\/ul>\n<p>Estos espacios formativos permitir\u00e1n que los asistentes lleguen preparados y cuenten con mayores posibilidades de \u00e9xito en los procesos de postulaci\u00f3n. Los puntos y las fechas de inscripci\u00f3n semanal ser\u00e1n publicados en las redes sociales oficiales de la Gobernaci\u00f3n de Norte de Santander.<\/p>\n<p>Estas son las actividades que se desarrollar\u00e1n en la Universidad de Pamplona:<\/p>\n<p>Puntos de registro: 16 de septiembre, en La Casona, de 7:30 de la ma\u00f1ana a 12:30 del d\u00eda.<\/p>\n<p>Capacitaci\u00f3n a cesantes: 16 de septiembre, de 2:00 a 6:00 de la tarde. Consiste en orientar la elaboraci\u00f3n de hojas de vida, c\u00f3mo presentar entrevistas laborales efectivas y registro en las agencias de gesti\u00f3n y colocaci\u00f3n de empleo.<\/p>\n<p>La Feria hace parte de la estrategia Empleo para la Paz y la Inclusi\u00f3n, que se ha consolidado como escenario de oportunidades para vincular el talento humano regional al mercado laboral.<\/p>\n<p>Isabel Obando &#8211; @GoberNorte<\/p>\n","protected":false},"excerpt":{"rendered":"<p>C\u00daCUTA. La secretar\u00eda de Desarrollo Econ\u00f3mico y Productividad anunci\u00f3 la tercera Feria Laboral Empleo para la Paz y la Inclusi\u00f3n. El espacio conectar\u00e1 a buscadores de empleo con empresas y entidades que ofrecen oportunidades laborales en la regi\u00f3n. El evento tendr\u00e1 lugar, el 2 de octubre, de 8:00 de la ma\u00f1ana a 4:00 de la &hellip;<\/p>\n","protected":false},"author":1,"featured_media":45415,"comment_status":"open","ping_status":"open","sticky":false,"template":"","format":"standard","meta":{"footnotes":""},"categories":[4,32],"tags":[7189,7188,3925,161],"class_list":["post-45414","post","type-post","status-publish","format-standard","has-post-thumbnail","hentry","category-barra","category-recorrido-por-la-region","tag-empleo-para-la-paz-y-la-inclusion","tag-feria-laboral","tag-secretaria-de-desarrollo-economico","tag-universidad-de-pamplona"],"_links":{"self":[{"href":"https:\/\/contraluzcucuta.co\/index.php?rest_route=\/wp\/v2\/posts\/45414","targetHints":{"allow":["GET"]}}],"collection":[{"href":"https:\/\/contraluzcucuta.co\/index.php?rest_route=\/wp\/v2\/posts"}],"about":[{"href":"https:\/\/contraluzcucuta.co\/index.php?rest_route=\/wp\/v2\/types\/post"}],"author":[{"embeddable":true,"href":"https:\/\/contraluzcucuta.co\/index.php?rest_route=\/wp\/v2\/users\/1"}],"replies":[{"embeddable":true,"href":"https:\/\/contraluzcucuta.co\/index.php?rest_route=%2Fwp%2Fv2%2Fcomments&post=45414"}],"version-history":[{"count":1,"href":"https:\/\/contraluzcucuta.co\/index.php?rest_route=\/wp\/v2\/posts\/45414\/revisions"}],"predecessor-version":[{"id":45416,"href":"https:\/\/contraluzcucuta.co\/index.php?rest_route=\/wp\/v2\/posts\/45414\/revisions\/45416"}],"wp:featuredmedia":[{"embeddable":true,"href":"https:\/\/contraluzcucuta.co\/index.php?rest_route=\/wp\/v2\/media\/45415"}],"wp:attachment":[{"href":"https:\/\/contraluzcucuta.co\/index.php?rest_route=%2Fwp%2Fv2%2Fmedia&parent=45414"}],"wp:term":[{"taxonomy":"category","embeddable":true,"href":"https:\/\/contraluzcucuta.co\/index.php?rest_route=%2Fwp%2Fv2%2Fcategories&post=45414"},{"taxonomy":"post_tag","embeddable":true,"href":"https:\/\/contraluzcucuta.co\/index.php?rest_route=%2Fwp%2Fv2%2Ftags&post=45414"}],"curies":[{"name":"wp","href":"https:\/\/api.w.org\/{rel}","templated":true}]}}