{"id":45410,"date":"2025-09-11T15:08:38","date_gmt":"2025-09-11T20:08:38","guid":{"rendered":"https:\/\/contraluzcucuta.co\/?p=45410"},"modified":"2025-09-11T15:08:38","modified_gmt":"2025-09-11T20:08:38","slug":"convive-sanamente-refuerzan-estrategias-para-la-salud-mental-de-los-cucutenos","status":"publish","type":"post","link":"https:\/\/contraluzcucuta.co\/?p=45410","title":{"rendered":"CONVIVE SANAMENTE. Refuerzan estrategias para la salud mental de los cucute\u00f1os"},"content":{"rendered":"<p style=\"text-align: right;\"><strong>C\u00daCUTA<\/strong><\/p>\n<p><strong><span style=\"color: #ff9900;\">En un esfuerzo por garantizar el bienestar emocional de ni\u00f1os y adolescentes, la secretar\u00eda de Salud, en articulaci\u00f3n con el Fondo de las Naciones Unidas para la Infancia (Unicef), revis\u00f3 los avances y resultados en materia de salud mental implementados en la ciudad.<\/span><\/strong><\/p>\n<p><a href=\"https:\/\/contraluzcucuta.co\/wp-content\/uploads\/2025\/09\/CONVIVIR-SANAMENTE-1.jpg\"><img loading=\"lazy\" decoding=\"async\" class=\"alignnone  wp-image-45411 alignright\" src=\"https:\/\/contraluzcucuta.co\/wp-content\/uploads\/2025\/09\/CONVIVIR-SANAMENTE-1-300x169.jpg\" alt=\"\" width=\"247\" height=\"139\" srcset=\"https:\/\/contraluzcucuta.co\/wp-content\/uploads\/2025\/09\/CONVIVIR-SANAMENTE-1-300x169.jpg 300w, https:\/\/contraluzcucuta.co\/wp-content\/uploads\/2025\/09\/CONVIVIR-SANAMENTE-1-1024x576.jpg 1024w, https:\/\/contraluzcucuta.co\/wp-content\/uploads\/2025\/09\/CONVIVIR-SANAMENTE-1-768x432.jpg 768w, https:\/\/contraluzcucuta.co\/wp-content\/uploads\/2025\/09\/CONVIVIR-SANAMENTE-1-600x338.jpg 600w, https:\/\/contraluzcucuta.co\/wp-content\/uploads\/2025\/09\/CONVIVIR-SANAMENTE-1.jpg 1280w\" sizes=\"auto, (max-width: 247px) 100vw, 247px\" \/><\/a><\/p>\n<p>En el encuentro destac\u00f3 la estrategia \u2018Convive Sanamente\u2019, que promueve actividades colectivas y procesos de acompa\u00f1amiento psicosocial, y del uso de kits de apoyo emocional dise\u00f1ados para fortalecer habilidades socioemocionales en las poblaciones infantil y juvenil.<\/p>\n<p>Las iniciativas han tenido impacto en los barrios Camilo Daza y Antonia Santos, donde se han consolidado procesos de prevenci\u00f3n y promoci\u00f3n del bienestar mental. El objetivo es asegurar la sostenibilidad de las experiencias mediante el proceso de articulaci\u00f3n institucional.<\/p>\n<p>\u201cLa idea es fortalecer este tema en ni\u00f1os y adolescentes, haciendo un proceso de transferencia con relaci\u00f3n a estas estrategias que Unicef desarrolla y que han mostrado resultados importantes en la ciudad\u201d, afirm\u00f3 Grecia P\u00e9rez Guerra, referente del programa de Convivencia y Salud Mental.<\/p>\n<p>Entre los compromisos pactados se encuentra la preparaci\u00f3n de una transici\u00f3n ordenada de la cooperaci\u00f3n internacional, de modo que las instituciones locales asuman la implementaci\u00f3n de estas metodolog\u00edas.<\/p>\n<p>Se acord\u00f3 fortalecer la coordinaci\u00f3n intersectorial para sumar actores a estos programas y desarrollar acciones formativas que refuercen en la ni\u00f1ez las habilidades psicosociales y las herramientas para afrontar situaciones de tristeza, ansiedad o dificultades emocionales.<\/p>\n<p>La ciudad da un paso m\u00e1s en la construcci\u00f3n de la red s\u00f3lida de apoyo emocional que, en los pr\u00f3ximos a\u00f1os, permitir\u00e1 a C\u00facuta contar con una generaci\u00f3n resiliente, fuerte y preparada para afrontar los retos de la vida.<\/p>\n","protected":false},"excerpt":{"rendered":"<p>C\u00daCUTA En un esfuerzo por garantizar el bienestar emocional de ni\u00f1os y adolescentes, la secretar\u00eda de Salud, en articulaci\u00f3n con el Fondo de las Naciones Unidas para la Infancia (Unicef), revis\u00f3 los avances y resultados en materia de salud mental implementados en la ciudad. En el encuentro destac\u00f3 la estrategia \u2018Convive Sanamente\u2019, que promueve actividades &hellip;<\/p>\n","protected":false},"author":1,"featured_media":45412,"comment_status":"open","ping_status":"open","sticky":false,"template":"","format":"standard","meta":{"footnotes":""},"categories":[4,36],"tags":[7187,1565,5096],"class_list":["post-45410","post","type-post","status-publish","format-standard","has-post-thumbnail","hentry","category-barra","category-la-voz-del-pueblo","tag-convive-sanamente","tag-secretaria-de-salud-de-cucuta","tag-unicef"],"_links":{"self":[{"href":"https:\/\/contraluzcucuta.co\/index.php?rest_route=\/wp\/v2\/posts\/45410","targetHints":{"allow":["GET"]}}],"collection":[{"href":"https:\/\/contraluzcucuta.co\/index.php?rest_route=\/wp\/v2\/posts"}],"about":[{"href":"https:\/\/contraluzcucuta.co\/index.php?rest_route=\/wp\/v2\/types\/post"}],"author":[{"embeddable":true,"href":"https:\/\/contraluzcucuta.co\/index.php?rest_route=\/wp\/v2\/users\/1"}],"replies":[{"embeddable":true,"href":"https:\/\/contraluzcucuta.co\/index.php?rest_route=%2Fwp%2Fv2%2Fcomments&post=45410"}],"version-history":[{"count":1,"href":"https:\/\/contraluzcucuta.co\/index.php?rest_route=\/wp\/v2\/posts\/45410\/revisions"}],"predecessor-version":[{"id":45413,"href":"https:\/\/contraluzcucuta.co\/index.php?rest_route=\/wp\/v2\/posts\/45410\/revisions\/45413"}],"wp:featuredmedia":[{"embeddable":true,"href":"https:\/\/contraluzcucuta.co\/index.php?rest_route=\/wp\/v2\/media\/45412"}],"wp:attachment":[{"href":"https:\/\/contraluzcucuta.co\/index.php?rest_route=%2Fwp%2Fv2%2Fmedia&parent=45410"}],"wp:term":[{"taxonomy":"category","embeddable":true,"href":"https:\/\/contraluzcucuta.co\/index.php?rest_route=%2Fwp%2Fv2%2Fcategories&post=45410"},{"taxonomy":"post_tag","embeddable":true,"href":"https:\/\/contraluzcucuta.co\/index.php?rest_route=%2Fwp%2Fv2%2Ftags&post=45410"}],"curies":[{"name":"wp","href":"https:\/\/api.w.org\/{rel}","templated":true}]}}