{"id":45406,"date":"2025-09-11T14:40:38","date_gmt":"2025-09-11T19:40:38","guid":{"rendered":"https:\/\/contraluzcucuta.co\/?p=45406"},"modified":"2025-09-11T14:40:38","modified_gmt":"2025-09-11T19:40:38","slug":"prevencion-del-suicidio-varones-adultos-tienen-mayor-indice-de-casos-en-cucuta","status":"publish","type":"post","link":"https:\/\/contraluzcucuta.co\/?p=45406","title":{"rendered":"PREVENCI\u00d3N DEL SUICIDIO. Varones adultos tienen mayor \u00edndice de casos, en C\u00facuta"},"content":{"rendered":"<p style=\"text-align: right;\"><strong>C\u00daCUTA.<\/strong><\/p>\n<p>&#8220;Durante 2024, tuvimos 47 casos de suicidio en C\u00facuta y, aunque en lo corrido de 2025 (hasta julio 31) se han presentado 15 y se aprecia una tendencia leve al descenso, el prop\u00f3sito es que no tengamos ning\u00fan caso\u201d, dijo . Ta\u00edz del Pilar Ortega, secretaria de Salud. Los varones adultos tienen mayor \u00edndice de este problema.<\/p>\n<p><a href=\"https:\/\/contraluzcucuta.co\/wp-content\/uploads\/2025\/09\/SECRETARIA-DE-SALUD-SUICIDIOS-4.jpeg.jpg\"><img loading=\"lazy\" decoding=\"async\" class=\"alignnone  wp-image-45408 alignleft\" src=\"https:\/\/contraluzcucuta.co\/wp-content\/uploads\/2025\/09\/SECRETARIA-DE-SALUD-SUICIDIOS-4.jpeg-300x225.jpg\" alt=\"\" width=\"245\" height=\"184\" srcset=\"https:\/\/contraluzcucuta.co\/wp-content\/uploads\/2025\/09\/SECRETARIA-DE-SALUD-SUICIDIOS-4.jpeg-300x225.jpg 300w, https:\/\/contraluzcucuta.co\/wp-content\/uploads\/2025\/09\/SECRETARIA-DE-SALUD-SUICIDIOS-4.jpeg-1024x768.jpg 1024w, https:\/\/contraluzcucuta.co\/wp-content\/uploads\/2025\/09\/SECRETARIA-DE-SALUD-SUICIDIOS-4.jpeg-768x576.jpg 768w, https:\/\/contraluzcucuta.co\/wp-content\/uploads\/2025\/09\/SECRETARIA-DE-SALUD-SUICIDIOS-4.jpeg-1536x1152.jpg 1536w, https:\/\/contraluzcucuta.co\/wp-content\/uploads\/2025\/09\/SECRETARIA-DE-SALUD-SUICIDIOS-4.jpeg-600x450.jpg 600w, https:\/\/contraluzcucuta.co\/wp-content\/uploads\/2025\/09\/SECRETARIA-DE-SALUD-SUICIDIOS-4.jpeg.jpg 1600w\" sizes=\"auto, (max-width: 245px) 100vw, 245px\" \/><\/a><\/p>\n<p>En la conmemoraci\u00f3n del D\u00eda Mundial para la Prevenci\u00f3n del Suicidio, la secretar\u00eda de Salud reafirm\u00f3 el compromiso con el bienestar emocional de los ciudadanos y desarroll\u00f3 diversas actividades dirigidas a la comunidad.<\/p>\n<p>El suicidio es un problema de salud p\u00fablica que afecta a miles de seres humanos en Colombia y el mundo. Hablar de salud mental con respeto y empat\u00eda es acto de cuidado colectivo. El silencio, el estigma y la burla pueden convertirse en barreras que impiden pedir ayuda. La administraci\u00f3n municipal abre espacios de escucha activa y acompa\u00f1amiento emocional para salvar vidas.<\/p>\n<p>Grecia P\u00e9rez, referente de Convivencia Social y Salud Mental, record\u00f3 que \u201cel suicidio es prevenible, es un problema de salud p\u00fablica en el que cada uno tiene un rol, desde la institucionalidad, la comunidad, las organizaciones de cooperaci\u00f3n internacional, las organizaciones sociales y civiles, que hacen presencia en la ciudad y desarrollan actividades\u201d.<\/p>\n<p>Destac\u00f3 la importancia de generar conciencia frente a la necesidad de sensibilizar sobre este tema. \u201cTodo lo que hagamos nos puede ayudar a prevenir el suicidio. Es fundamental comprender c\u00f3mo identificar factores de riesgo y de protecci\u00f3n, as\u00ed como promover acciones comunitarias que fortalezcan el cuidado de la salud mental\u201d.<\/p>\n<p>Esta semana, la Alcald\u00eda tiene programadas actividades en instituciones educativas y asociaciones comunitarias para ense\u00f1ar sin juzgar, sin se\u00f1alar y sin estigmatizar. \u201cSobre todo record\u00e1ndoles que no est\u00e1n solas y que pueden hablar de lo que est\u00e1n sintiendo\u201d, puntualiz\u00f3 Grecia P\u00e9rez.<\/p>\n","protected":false},"excerpt":{"rendered":"<p>C\u00daCUTA. &#8220;Durante 2024, tuvimos 47 casos de suicidio en C\u00facuta y, aunque en lo corrido de 2025 (hasta julio 31) se han presentado 15 y se aprecia una tendencia leve al descenso, el prop\u00f3sito es que no tengamos ning\u00fan caso\u201d, dijo . Ta\u00edz del Pilar Ortega, secretaria de Salud. Los varones adultos tienen mayor \u00edndice &hellip;<\/p>\n","protected":false},"author":1,"featured_media":45407,"comment_status":"open","ping_status":"open","sticky":false,"template":"","format":"standard","meta":{"footnotes":""},"categories":[11,4],"tags":[7186,1565,7185],"class_list":["post-45406","post","type-post","status-publish","format-standard","has-post-thumbnail","hentry","category-cronica-roja","category-barra","tag-dia-mundial-para-la-prevencion-del-suicidio","tag-secretaria-de-salud-de-cucuta","tag-suicidio-en-cucuta"],"_links":{"self":[{"href":"https:\/\/contraluzcucuta.co\/index.php?rest_route=\/wp\/v2\/posts\/45406","targetHints":{"allow":["GET"]}}],"collection":[{"href":"https:\/\/contraluzcucuta.co\/index.php?rest_route=\/wp\/v2\/posts"}],"about":[{"href":"https:\/\/contraluzcucuta.co\/index.php?rest_route=\/wp\/v2\/types\/post"}],"author":[{"embeddable":true,"href":"https:\/\/contraluzcucuta.co\/index.php?rest_route=\/wp\/v2\/users\/1"}],"replies":[{"embeddable":true,"href":"https:\/\/contraluzcucuta.co\/index.php?rest_route=%2Fwp%2Fv2%2Fcomments&post=45406"}],"version-history":[{"count":1,"href":"https:\/\/contraluzcucuta.co\/index.php?rest_route=\/wp\/v2\/posts\/45406\/revisions"}],"predecessor-version":[{"id":45409,"href":"https:\/\/contraluzcucuta.co\/index.php?rest_route=\/wp\/v2\/posts\/45406\/revisions\/45409"}],"wp:featuredmedia":[{"embeddable":true,"href":"https:\/\/contraluzcucuta.co\/index.php?rest_route=\/wp\/v2\/media\/45407"}],"wp:attachment":[{"href":"https:\/\/contraluzcucuta.co\/index.php?rest_route=%2Fwp%2Fv2%2Fmedia&parent=45406"}],"wp:term":[{"taxonomy":"category","embeddable":true,"href":"https:\/\/contraluzcucuta.co\/index.php?rest_route=%2Fwp%2Fv2%2Fcategories&post=45406"},{"taxonomy":"post_tag","embeddable":true,"href":"https:\/\/contraluzcucuta.co\/index.php?rest_route=%2Fwp%2Fv2%2Ftags&post=45406"}],"curies":[{"name":"wp","href":"https:\/\/api.w.org\/{rel}","templated":true}]}}