{"id":45377,"date":"2025-09-07T19:14:19","date_gmt":"2025-09-08T00:14:19","guid":{"rendered":"https:\/\/contraluzcucuta.co\/?p=45377"},"modified":"2025-09-07T19:14:19","modified_gmt":"2025-09-08T00:14:19","slug":"banquillo-llore-cuando-dijeron-que-me-habia-vendido-jorge-luis-bernal","status":"publish","type":"post","link":"https:\/\/contraluzcucuta.co\/?p=45377","title":{"rendered":"BANQUILLO. Llor\u00e9 cuando dijeron que me hab\u00eda vendido: Jorge Luis Bernal"},"content":{"rendered":"<p style=\"text-align: right;\"><strong>IBAGU\u00c9 \u2013 Conexi\u00f3n telef\u00f3nica<\/strong><\/p>\n<ul>\n<li><strong><span style=\"color: #ff9900;\"><em>De un momento a otro un se\u00f1or me abraz\u00f3, me felicit\u00f3 y me dijo, \u2018usted no me conoce, soy el Alcalde de C\u00facuta\u2019. <\/em><\/span><\/strong><\/li>\n<\/ul>\n<p><a href=\"https:\/\/contraluzcucuta.co\/wp-content\/uploads\/2025\/09\/BERNAL-2.jpg\"><img loading=\"lazy\" decoding=\"async\" class=\"alignnone  wp-image-45379 alignleft\" src=\"https:\/\/contraluzcucuta.co\/wp-content\/uploads\/2025\/09\/BERNAL-2-300x231.jpg\" alt=\"\" width=\"249\" height=\"192\" srcset=\"https:\/\/contraluzcucuta.co\/wp-content\/uploads\/2025\/09\/BERNAL-2-300x231.jpg 300w, https:\/\/contraluzcucuta.co\/wp-content\/uploads\/2025\/09\/BERNAL-2-1024x789.jpg 1024w, https:\/\/contraluzcucuta.co\/wp-content\/uploads\/2025\/09\/BERNAL-2-768x592.jpg 768w, https:\/\/contraluzcucuta.co\/wp-content\/uploads\/2025\/09\/BERNAL-2-1536x1183.jpg 1536w, https:\/\/contraluzcucuta.co\/wp-content\/uploads\/2025\/09\/BERNAL-2-600x462.jpg 600w, https:\/\/contraluzcucuta.co\/wp-content\/uploads\/2025\/09\/BERNAL-2.jpg 1920w\" sizes=\"auto, (max-width: 249px) 100vw, 249px\" \/><\/a><\/p>\n<p>Ocurri\u00f3 el 20 de diciembre de 2006. Hab\u00edan pasado 10 minutos del pitido final del partido. C\u00facuta Deportivo alcanz\u00f3 la anhelada estrella del futbol profesional colombiano, en el estadio Murillo Toro, de Ibagu\u00e9. Jorge Luis Bernal retrocede en el tiempo y se detiene en ese momento, crucial para su vida como director t\u00e9cnico.<\/p>\n<p>Las im\u00e1genes vividas en el gramado permanecen intactas. Ah\u00ed, en medio de la euforia de jugadores, directivos y aficionados motilones, estaban los pijaos tendidos en el piso, lloraban por la derrota. Estaban afligidos, porque tuvieron el t\u00edtulo en las manos y otra tribu entr\u00f3 al rancho y se lo arrebat\u00f3. El empate (1 \u2013 1) los convirti\u00f3 en subcampeones.<\/p>\n<p>Los reflectores alumbraban a Jorge Luis Pinto y a los muchachos vestidos de blanco, que corr\u00edan por la cancha. Las c\u00e1maras segu\u00edan a los hombres victoriosos que saltaban plet\u00f3ricos, porque hab\u00edan ganado la batalla final. La televisi\u00f3n mostraba a los nuevos campeones con el trofeo en alto. No hab\u00eda tiempo para pensar en el futuro inmediato. Todo era presente.<\/p>\n<ul>\n<li><em>La vinculaci\u00f3n se dio de la manera m\u00e1s sorpresiva. Nunca pens\u00e9 que el C\u00facuta me convocara para la Copa Libertadores. Ah\u00ed mismo, en la cancha, me ofreci\u00f3 el equipo el se\u00f1or Alcalde.<\/em><\/li>\n<\/ul>\n<p>La oferta tom\u00f3 por sorpresa a Bernal, que atin\u00f3 a responder que primero deb\u00eda hablar con Gabriel Camargo, presidente del Tolima. Eso era lo correcto. Ramiro Su\u00e1rez contraatac\u00f3. Le habl\u00f3 de garant\u00edas econ\u00f3micas y de trabajo. Le dijo que tendr\u00eda libertad para elegir jugadores y tomar las decisiones deportivas. La meta estaba puesta en la Copa Libertadores.<\/p>\n<p><a href=\"https:\/\/contraluzcucuta.co\/wp-content\/uploads\/2025\/09\/BERNAL-7.jpg\"><img loading=\"lazy\" decoding=\"async\" class=\"alignnone  wp-image-45381 alignleft\" src=\"https:\/\/contraluzcucuta.co\/wp-content\/uploads\/2025\/09\/BERNAL-7-300x213.jpg\" alt=\"\" width=\"246\" height=\"175\" srcset=\"https:\/\/contraluzcucuta.co\/wp-content\/uploads\/2025\/09\/BERNAL-7-300x213.jpg 300w, https:\/\/contraluzcucuta.co\/wp-content\/uploads\/2025\/09\/BERNAL-7-1024x727.jpg 1024w, https:\/\/contraluzcucuta.co\/wp-content\/uploads\/2025\/09\/BERNAL-7-768x545.jpg 768w, https:\/\/contraluzcucuta.co\/wp-content\/uploads\/2025\/09\/BERNAL-7-1536x1090.jpg 1536w, https:\/\/contraluzcucuta.co\/wp-content\/uploads\/2025\/09\/BERNAL-7-2048x1453.jpg 2048w, https:\/\/contraluzcucuta.co\/wp-content\/uploads\/2025\/09\/BERNAL-7-600x426.jpg 600w\" sizes=\"auto, (max-width: 246px) 100vw, 246px\" \/><\/a><\/p>\n<p>Transcurrieron tres d\u00edas. En la capital tolimense no hubo arreglo y Bernal visualiz\u00f3 la oportunidad que le pon\u00edan en la mano desde C\u00facuta. Tom\u00f3 la decisi\u00f3n y el paso siguiente fue pedirle a la madre que le arreglara la maleta, porque partir\u00eda a un nuevo mundo. Ech\u00f3 poquita ropa. Y se march\u00f3.<\/p>\n<p>Antes de terminar el a\u00f1o viaj\u00f3 a la ciudad. En el intermedio de los vuelos tuvo tiempo para analizar al equipo l\u00ednea por l\u00ednea y vislumbr\u00f3 en qu\u00e9 posiciones deb\u00eda reforzarse. En la reuni\u00f3n con Su\u00e1rez hablaron de nombres espec\u00edficos. \u201cQue no vayan a ser muy caros\u201d, fue la advertencia de Ramiro. El reto era afrontar la Liga y la Copa.<\/p>\n<ul>\n<li><em>A los poquitos d\u00edas me dijo que ten\u00eda a Hurtado, a D\u00famar y a Castillo. Conseguimos a Pajoy y a (Juan Manuel) \u2018Burrito\u2019 Mart\u00ednez.<\/em><\/li>\n<\/ul>\n<p>El Alcalde era incr\u00e9dulo con la llegada de Mart\u00ednez. Insist\u00eda en si ser\u00eda importante y si aportar\u00eda lo que requer\u00eda el equipo. Bernal se defendi\u00f3 con el conocimiento de referencias y por haber visto dos videos cortos. Aunque era consciente de que a los t\u00e9cnicos siempre les presentan lo mejor del jugador. Las im\u00e1genes no muestran los errores, ni la falta de actitud, ni los procedimientos equivocados cuando tiene la pelota en los pies. Lo cierto es que le enviaron solo virtudes.<\/p>\n<p>La idea era ponerle como compa\u00f1ero a Blas P\u00e9rez, un atacante que desequilibrara, que tuviera habilidad, que rompiera la defensa contraria, que creara jugadas.<\/p>\n<ul>\n<li><em>Y acertamos. Eso fue una bendici\u00f3n de Dios. \u00c9l (Ramiro) cuadr\u00f3 todo r\u00e1pido con los empresarios de V\u00e9lez Sarsfield. Le hicieron una rebaja y lo trajimos. <\/em><\/li>\n<\/ul>\n<p>Los aficionados cucute\u00f1os ten\u00edan la costumbre de asistir a los entrenamientos del equipo. La otrora cancha Manino Escobar y el General Santander viejo fueron testigos del respaldo de la hinchada. En la era moderna esa tradici\u00f3n se perdi\u00f3. Ahora, los ensayos son a puerta cerrada para no dar informaci\u00f3n. Bernal accedi\u00f3 y permiti\u00f3 el ingreso del p\u00fablico. Sonr\u00ede al recordar los calificativos que escuch\u00f3 acerca de \u2018Burrito\u2019. Para algunos, Mart\u00ednez, estaba flaquito; para otros, hab\u00eda que esperar.<\/p>\n<p>El paso de las horas en C\u00facuta le dieron el ritmo y el nivel que el t\u00e9cnico buscaba. Se meti\u00f3 al grupo, congeni\u00f3 con Blas y con MacNelly, y era t\u00e9cnico.<\/p>\n<ul>\n<li><em>Gritamos \u00a1bingo! el d\u00eda que \u2018Burrito\u2019 comenz\u00f3 a jugar y a rendir.<\/em><\/li>\n<\/ul>\n<p>*****<\/p>\n<p><a href=\"https:\/\/contraluzcucuta.co\/wp-content\/uploads\/2025\/09\/BERNAL-8.jpg\"><img loading=\"lazy\" decoding=\"async\" class=\"alignnone  wp-image-45382 alignright\" src=\"https:\/\/contraluzcucuta.co\/wp-content\/uploads\/2025\/09\/BERNAL-8-300x199.jpg\" alt=\"\" width=\"250\" height=\"166\" srcset=\"https:\/\/contraluzcucuta.co\/wp-content\/uploads\/2025\/09\/BERNAL-8-300x199.jpg 300w, https:\/\/contraluzcucuta.co\/wp-content\/uploads\/2025\/09\/BERNAL-8-1024x681.jpg 1024w, https:\/\/contraluzcucuta.co\/wp-content\/uploads\/2025\/09\/BERNAL-8-768x510.jpg 768w, https:\/\/contraluzcucuta.co\/wp-content\/uploads\/2025\/09\/BERNAL-8-1536x1021.jpg 1536w, https:\/\/contraluzcucuta.co\/wp-content\/uploads\/2025\/09\/BERNAL-8-310x205.jpg 310w, https:\/\/contraluzcucuta.co\/wp-content\/uploads\/2025\/09\/BERNAL-8-600x399.jpg 600w, https:\/\/contraluzcucuta.co\/wp-content\/uploads\/2025\/09\/BERNAL-8.jpg 1920w\" sizes=\"auto, (max-width: 250px) 100vw, 250px\" \/><\/a><\/p>\n<p>En C\u00facuta, cuando el equipo responde a las expectativas de los aficionados, las tribunas se llenan. M\u00e1s de 40.000 hombres y mujeres, j\u00f3venes y adultos, atiborraron los grader\u00edos para ser testigos del mejor partido disputado en el General Santander.<\/p>\n<p>El 13 de febrero de 2007, comenz\u00f3 el camino ascendente a la gloria. Tolima, Cerro Porte\u00f1o, Gremio, Toluca y Nacional sucumbieron ante la arremetida motilona. El 22 de mayo, qued\u00f3 en evidencia que el once rojinegro transitaba por la senda del t\u00edtulo. La aventura comenz\u00f3 en Colombia, sigui\u00f3 en Paraguay, continu\u00f3 en Brasil, de traslad\u00f3 a M\u00e9xico, hasta llegar a Uruguay.<\/p>\n<ul>\n<li><em>A medida que fuimos jugando, los muchachos soltaron su f\u00fatbol. Era un equipo goleador. <\/em><\/li>\n<\/ul>\n<p>Y lleg\u00f3 el d\u00eda de ser anfitri\u00f3n del encopetado Boca Juniors (Argentina). La ciudad fue \u2018asaltada\u2019 por los aficionados de otras ciudades colombianas y venezolanas. La fiesta estaba servida. Ledezma quiso aguar el parrand\u00f3n al minuto 28. El baile dur\u00f3 poco y Blas P\u00e9rez puso el paso del tamborito para empatar (40\u2019).<\/p>\n<p>Al regreso a la cancha, de nuevo el goleador paname\u00f1o marc\u00f3 (65\u2019) y Rub\u00e9n Bustos complet\u00f3 la goleada (84\u2019). La Bombonera apareci\u00f3 en la distancia. La final no se ve\u00eda tan lejana. La diferencia favorec\u00eda a los cucute\u00f1os. Mientras los mortales compraban boletos para viajar a Buenos Aires, en el olimpo del f\u00fatbol los dioses confabulaban.<\/p>\n<ul>\n<li><em>Creo que, para el partido contra Boca, seguramente, me falt\u00f3 defender m\u00e1s lo que \u00edbamos ganando (3 \u2013 1).<\/em><\/li>\n<\/ul>\n<p><a href=\"https:\/\/contraluzcucuta.co\/wp-content\/uploads\/2025\/09\/BERNAL-10.jpg\"><img loading=\"lazy\" decoding=\"async\" class=\"alignnone  wp-image-45380 alignright\" src=\"https:\/\/contraluzcucuta.co\/wp-content\/uploads\/2025\/09\/BERNAL-10-218x300.jpg\" alt=\"\" width=\"205\" height=\"282\" srcset=\"https:\/\/contraluzcucuta.co\/wp-content\/uploads\/2025\/09\/BERNAL-10-218x300.jpg 218w, https:\/\/contraluzcucuta.co\/wp-content\/uploads\/2025\/09\/BERNAL-10-600x826.jpg 600w, https:\/\/contraluzcucuta.co\/wp-content\/uploads\/2025\/09\/BERNAL-10.jpg 603w\" sizes=\"auto, (max-width: 205px) 100vw, 205px\" \/><\/a><\/p>\n<p>Luego, Jorge Luis Bernal busc\u00f3 explicaciones. Analiz\u00f3 con amigos y familiares lo ocurrido y la conclusi\u00f3n siempre fue que un equipo que le marca cuatro goles a Tolima, cinco a Toluca, tres a Boca, tres a Gremio, no pod\u00eda coartar la t\u00f3nica goleadora.<\/p>\n<p>Segundo punto de la conspiraci\u00f3n instigada por las divinidades. La convocatoria de Blas P\u00e9rez a la selecci\u00f3n paname\u00f1a.<\/p>\n<ul>\n<li><em>Lo que nunca pod\u00edamos entender era que nos quitaran a Blas, justo para ese partido. Si Blas est\u00e1, C\u00facuta hab\u00eda sido campe\u00f3n de la Libertadores.<\/em><\/li>\n<\/ul>\n<p>Tercera maquinaci\u00f3n. Entre la naturaleza y la p\u00f3lvora generaron la espesa niebla que no dej\u00f3 jugar en \u00f3ptimas condiciones. Los argentinos se valieron de esa treta y devolvieron la goleada (3 \u2013 0).<\/p>\n<ul>\n<li><em>M\u00e1s all\u00e1 de la neblina, m\u00e1s all\u00e1 de la neblina que crea el p\u00fablico, la principal ventaja que logr\u00f3 Boca desde el comienzo del partido fue que no arrancaba el goleador del retador. <\/em><\/li>\n<\/ul>\n<p>El lamento con tufo a queja por parte de Bernal es contundente: En ninguna otra versi\u00f3n de la Libertadores le han quitado a un equipo, para la semifinal, al goleador. Blas se fue de C\u00facuta la noche en la que vencieron a Boca en el General Santander.<\/p>\n<p>****<\/p>\n<p>Los equipos colombianos clasificados a torneos internacionales deben afrontarlos a la par con la Liga. La programaci\u00f3n no se altera y en contadas excepciones los partidos nacionales se aplazan para darles prioridad a los compromisos continentales.<\/p>\n<ul>\n<li><em>A veces jugar la Copa es un castigo. Despu\u00e9s del partido en Buenos Aires no tuvimos el descanso ideal. Si el jugador no se recupera es dif\u00edcil. La recuperaci\u00f3n de nosotros fue tirados en el piso del aeropuerto de Ezeiza.<\/em><\/li>\n<\/ul>\n<p>Esta es la raz\u00f3n, seg\u00fan Bernal, por la que el C\u00facuta Deportivo no defendi\u00f3 el t\u00edtulo alcanzado en diciembre de 2006. A esto, se suma la ausencia de Blas P\u00e9rez. Si ganaban en Medell\u00edn, seguro, disputaban la final. El empate (0 \u2013 0) no sirvi\u00f3 y se esfum\u00f3 la posibilidad de agregarle la segunda estrella al escudo. El arco se achic\u00f3.<\/p>\n<p>***<\/p>\n<p><a href=\"https:\/\/contraluzcucuta.co\/wp-content\/uploads\/2025\/09\/BERNAL-9.jpg\"><img loading=\"lazy\" decoding=\"async\" class=\"alignnone  wp-image-45383 alignright\" src=\"https:\/\/contraluzcucuta.co\/wp-content\/uploads\/2025\/09\/BERNAL-9-300x200.jpg\" alt=\"\" width=\"260\" height=\"173\" srcset=\"https:\/\/contraluzcucuta.co\/wp-content\/uploads\/2025\/09\/BERNAL-9-300x200.jpg 300w, https:\/\/contraluzcucuta.co\/wp-content\/uploads\/2025\/09\/BERNAL-9-1024x682.jpg 1024w, https:\/\/contraluzcucuta.co\/wp-content\/uploads\/2025\/09\/BERNAL-9-768x512.jpg 768w, https:\/\/contraluzcucuta.co\/wp-content\/uploads\/2025\/09\/BERNAL-9-1536x1023.jpg 1536w, https:\/\/contraluzcucuta.co\/wp-content\/uploads\/2025\/09\/BERNAL-9-310x205.jpg 310w, https:\/\/contraluzcucuta.co\/wp-content\/uploads\/2025\/09\/BERNAL-9-600x400.jpg 600w, https:\/\/contraluzcucuta.co\/wp-content\/uploads\/2025\/09\/BERNAL-9.jpg 2048w\" sizes=\"auto, (max-width: 260px) 100vw, 260px\" \/><\/a><\/p>\n<p><strong>\u00bfC\u00f3mo califica su paso por el C\u00facuta deportivo?<\/strong><\/p>\n<ul>\n<li><em>Es uno de los mejores regalos que me ha dado mi Dios. Es un regalo especial haber sido t\u00e9cnico de un C\u00facuta ganador y que tuvo convocatoria.<\/em><\/li>\n<\/ul>\n<p><strong>\u00bfMantiene contacto con algunos de los jugadores de ese equipo?<\/strong><\/p>\n<ul>\n<li><em>Con algunos no hemos hablado. Con Fl\u00f3rez, Blas, Bustos, Hurtado, Robinson hemos hablado.<\/em><\/li>\n<\/ul>\n<p><strong>\u00bfDisfrutan las charlas?<\/strong><\/p>\n<ul>\n<li><em>Claro, y siempre hablamos de que si hubi\u00e9ramos estado completos en Buenos Aires hubi\u00e9ramos sido campeones de la Libertadores.<\/em><\/li>\n<\/ul>\n<p><strong>\u00bfVolver\u00eda a dirigir al C\u00facuta Deportivo?<\/strong><\/p>\n<ul>\n<li><em>Siempre he dicho que donde mi Dios me lleve, mientras no est\u00e9 haciendo mal, ni est\u00e9 hablando mal del t\u00e9cnico de turno, ni le est\u00e9 deseando el mal a los dem\u00e1s, si se presenta la oportunidad en otra instituci\u00f3n y si Dios lo quiere as\u00ed, podr\u00e1 llegar alg\u00fan d\u00eda la oportunidad.<\/em><\/li>\n<\/ul>\n<p><strong>\u00bfQu\u00e9 clima le conviene?<\/strong><\/p>\n<ul>\n<li><em>Me convienen Ibagu\u00e9, Cartagena, C\u00facuta, Barranca, Bucaramanga. Siempre me han dicho, prefiera trabajar al nivel del mar. No se vaya tan arriba.<\/em><\/li>\n<\/ul>\n<p><strong>\u00bfEl m\u00e1ximo recuerdo del General?<\/strong><\/p>\n<ul>\n<li><em>Cuando me asomaba y ve\u00eda el estadio repleto me llenaba de alegr\u00eda.<\/em><\/li>\n<\/ul>\n<p><strong>\u00bfQu\u00e9 lo entristece?<\/strong><\/p>\n<ul>\n<li><em>Me doli\u00f3 en el alma y hasta l\u00e1grimas me produjo cuando dijeron que me hab\u00eda vendido, que hab\u00eda vendido el partido contra C\u00facuta.<\/em><\/li>\n<\/ul>\n<p><strong>RAFAEL ANTONIO PAB\u00d3N<\/strong><\/p>\n<p><a href=\"mailto:rafaelpabon58@hotmail.com\"><strong>rafaelpabon58@hotmail.com<\/strong><\/a><\/p>\n","protected":false},"excerpt":{"rendered":"<p>IBAGU\u00c9 \u2013 Conexi\u00f3n telef\u00f3nica De un momento a otro un se\u00f1or me abraz\u00f3, me felicit\u00f3 y me dijo, \u2018usted no me conoce, soy el Alcalde de C\u00facuta\u2019. Ocurri\u00f3 el 20 de diciembre de 2006. Hab\u00edan pasado 10 minutos del pitido final del partido. C\u00facuta Deportivo alcanz\u00f3 la anhelada estrella del futbol profesional colombiano, en el &hellip;<\/p>\n","protected":false},"author":1,"featured_media":45378,"comment_status":"open","ping_status":"open","sticky":false,"template":"","format":"standard","meta":{"footnotes":""},"categories":[4,28],"tags":[192,3379,7179],"class_list":["post-45377","post","type-post","status-publish","format-standard","has-post-thumbnail","hentry","category-barra","category-vistazo-deportivo","tag-cucuta-deportivo","tag-deportes-tolima","tag-jorge-luis-bernal"],"_links":{"self":[{"href":"https:\/\/contraluzcucuta.co\/index.php?rest_route=\/wp\/v2\/posts\/45377","targetHints":{"allow":["GET"]}}],"collection":[{"href":"https:\/\/contraluzcucuta.co\/index.php?rest_route=\/wp\/v2\/posts"}],"about":[{"href":"https:\/\/contraluzcucuta.co\/index.php?rest_route=\/wp\/v2\/types\/post"}],"author":[{"embeddable":true,"href":"https:\/\/contraluzcucuta.co\/index.php?rest_route=\/wp\/v2\/users\/1"}],"replies":[{"embeddable":true,"href":"https:\/\/contraluzcucuta.co\/index.php?rest_route=%2Fwp%2Fv2%2Fcomments&post=45377"}],"version-history":[{"count":1,"href":"https:\/\/contraluzcucuta.co\/index.php?rest_route=\/wp\/v2\/posts\/45377\/revisions"}],"predecessor-version":[{"id":45384,"href":"https:\/\/contraluzcucuta.co\/index.php?rest_route=\/wp\/v2\/posts\/45377\/revisions\/45384"}],"wp:featuredmedia":[{"embeddable":true,"href":"https:\/\/contraluzcucuta.co\/index.php?rest_route=\/wp\/v2\/media\/45378"}],"wp:attachment":[{"href":"https:\/\/contraluzcucuta.co\/index.php?rest_route=%2Fwp%2Fv2%2Fmedia&parent=45377"}],"wp:term":[{"taxonomy":"category","embeddable":true,"href":"https:\/\/contraluzcucuta.co\/index.php?rest_route=%2Fwp%2Fv2%2Fcategories&post=45377"},{"taxonomy":"post_tag","embeddable":true,"href":"https:\/\/contraluzcucuta.co\/index.php?rest_route=%2Fwp%2Fv2%2Ftags&post=45377"}],"curies":[{"name":"wp","href":"https:\/\/api.w.org\/{rel}","templated":true}]}}