{"id":45373,"date":"2025-09-07T17:25:05","date_gmt":"2025-09-07T22:25:05","guid":{"rendered":"https:\/\/contraluzcucuta.co\/?p=45373"},"modified":"2025-09-07T17:25:05","modified_gmt":"2025-09-07T22:25:05","slug":"megacolegio-en-los-patios-avance-de-obra-50-por-ciento","status":"publish","type":"post","link":"https:\/\/contraluzcucuta.co\/?p=45373","title":{"rendered":"MEGACOLEGIO EN LOS PATIOS. Avance de obra, 50 por ciento"},"content":{"rendered":"<p style=\"text-align: right;\"><strong>LOS PATIOS \u2013 Norte de Santander.<\/strong><\/p>\n<p><a href=\"https:\/\/contraluzcucuta.co\/wp-content\/uploads\/2025\/09\/LOS-PATIOS-MEGACOLEGIO-2.jpg\"><img loading=\"lazy\" decoding=\"async\" class=\"size-medium wp-image-45375\" src=\"https:\/\/contraluzcucuta.co\/wp-content\/uploads\/2025\/09\/LOS-PATIOS-MEGACOLEGIO-2-300x225.jpg\" alt=\"\" width=\"300\" height=\"225\" srcset=\"https:\/\/contraluzcucuta.co\/wp-content\/uploads\/2025\/09\/LOS-PATIOS-MEGACOLEGIO-2-300x225.jpg 300w, https:\/\/contraluzcucuta.co\/wp-content\/uploads\/2025\/09\/LOS-PATIOS-MEGACOLEGIO-2-1024x768.jpg 1024w, https:\/\/contraluzcucuta.co\/wp-content\/uploads\/2025\/09\/LOS-PATIOS-MEGACOLEGIO-2-768x576.jpg 768w, https:\/\/contraluzcucuta.co\/wp-content\/uploads\/2025\/09\/LOS-PATIOS-MEGACOLEGIO-2-600x450.jpg 600w, https:\/\/contraluzcucuta.co\/wp-content\/uploads\/2025\/09\/LOS-PATIOS-MEGACOLEGIO-2.jpg 1056w\" sizes=\"auto, (max-width: 300px) 100vw, 300px\" \/><\/a><\/p>\n<p><strong><span style=\"color: #ff9900;\">El megacolegio en el sector Tasajero, en Los Patios, contempla 26 aulas de clase, laboratorio, salas de inform\u00e1tica, biblioteca, comedor \u2013 aula m\u00faltiple, zona administrativa, \u00e1reas deportivas y espacios adecuados para preescolar, primaria y secundaria. En la visita de seguimiento se constat\u00f3 el progreso en cimentaciones, vigas, columnas y cubiertas de los bloques.<\/span><\/strong><\/p>\n<p>La obra alcanza el 50 % de avance y se perfila como una de las infraestructuras educativas m\u00e1s modernas de la regi\u00f3n. Tendr\u00e1 capacidad para 960 estudiantes por jornada. \u201cEste megacolegio es una apuesta por la educaci\u00f3n de calidad en Norte de Santander\u201d, dijo el secretario de Proyectos Especiales, Juan Carlos P\u00e9rez.<\/p>\n<p>Reconoci\u00f3 que, aunque ha habido atrasos del 10 %, trabajan para recuperar el cronograma y entregar la obra que marcar\u00e1 el antes y el despu\u00e9s en la vida de cientos de familias de Los Patios.<\/p>\n<p>El plantel permitir\u00e1 que los estudiantes de la I.E. Fe y Alegr\u00eda cuenten con sede propia y que dejen atr\u00e1s los a\u00f1os de formaci\u00f3n en instalaciones alquiladas. M\u00e1s de 60 obreros trabajan de manera continua en la edificaci\u00f3n que transformar\u00e1 la oferta educativa del municipio.<\/p>\n<p><strong>Luis Tob\u00f3n &#8211; @GoberNorte<\/strong><\/p>\n","protected":false},"excerpt":{"rendered":"<p>LOS PATIOS \u2013 Norte de Santander. El megacolegio en el sector Tasajero, en Los Patios, contempla 26 aulas de clase, laboratorio, salas de inform\u00e1tica, biblioteca, comedor \u2013 aula m\u00faltiple, zona administrativa, \u00e1reas deportivas y espacios adecuados para preescolar, primaria y secundaria. En la visita de seguimiento se constat\u00f3 el progreso en cimentaciones, vigas, columnas y &hellip;<\/p>\n","protected":false},"author":1,"featured_media":45374,"comment_status":"open","ping_status":"open","sticky":false,"template":"","format":"standard","meta":{"footnotes":""},"categories":[4,6],"tags":[7178,7176,7177],"class_list":["post-45373","post","type-post","status-publish","format-standard","has-post-thumbnail","hentry","category-barra","category-ojo-avizor","tag-i-e-fe-y-alegria","tag-megacolegio-en-los-patios","tag-secretaria-de-proyectos-especiales"],"_links":{"self":[{"href":"https:\/\/contraluzcucuta.co\/index.php?rest_route=\/wp\/v2\/posts\/45373","targetHints":{"allow":["GET"]}}],"collection":[{"href":"https:\/\/contraluzcucuta.co\/index.php?rest_route=\/wp\/v2\/posts"}],"about":[{"href":"https:\/\/contraluzcucuta.co\/index.php?rest_route=\/wp\/v2\/types\/post"}],"author":[{"embeddable":true,"href":"https:\/\/contraluzcucuta.co\/index.php?rest_route=\/wp\/v2\/users\/1"}],"replies":[{"embeddable":true,"href":"https:\/\/contraluzcucuta.co\/index.php?rest_route=%2Fwp%2Fv2%2Fcomments&post=45373"}],"version-history":[{"count":1,"href":"https:\/\/contraluzcucuta.co\/index.php?rest_route=\/wp\/v2\/posts\/45373\/revisions"}],"predecessor-version":[{"id":45376,"href":"https:\/\/contraluzcucuta.co\/index.php?rest_route=\/wp\/v2\/posts\/45373\/revisions\/45376"}],"wp:featuredmedia":[{"embeddable":true,"href":"https:\/\/contraluzcucuta.co\/index.php?rest_route=\/wp\/v2\/media\/45374"}],"wp:attachment":[{"href":"https:\/\/contraluzcucuta.co\/index.php?rest_route=%2Fwp%2Fv2%2Fmedia&parent=45373"}],"wp:term":[{"taxonomy":"category","embeddable":true,"href":"https:\/\/contraluzcucuta.co\/index.php?rest_route=%2Fwp%2Fv2%2Fcategories&post=45373"},{"taxonomy":"post_tag","embeddable":true,"href":"https:\/\/contraluzcucuta.co\/index.php?rest_route=%2Fwp%2Fv2%2Ftags&post=45373"}],"curies":[{"name":"wp","href":"https:\/\/api.w.org\/{rel}","templated":true}]}}