{"id":45369,"date":"2025-09-07T16:55:31","date_gmt":"2025-09-07T21:55:31","guid":{"rendered":"https:\/\/contraluzcucuta.co\/?p=45369"},"modified":"2025-09-07T16:55:31","modified_gmt":"2025-09-07T21:55:31","slug":"cucuta-en-palabras-originalidad-sensibilidad-y-talento-literario","status":"publish","type":"post","link":"https:\/\/contraluzcucuta.co\/?p=45369","title":{"rendered":"C\u00daCUTA EN PALABRAS. Originalidad, sensibilidad y talento literario"},"content":{"rendered":"<p style=\"text-align: right;\"><strong>C\u00daCUTA.<\/strong><\/p>\n<p><strong><span style=\"color: #ff9900;\">La secretar\u00eda de Cultura y Patrimonio, y la Red Municipal de Lectura y Escritura dieron a conocer los ganadores de la s\u00e9ptima versi\u00f3n del Concurso de Cuento \u2018C\u00facuta en Palabras\u2019. La iniciativa fortalece la creatividad, la escritura y la imaginaci\u00f3n de ni\u00f1os y adolescentes del municipio.<\/span><\/strong><\/p>\n<p><a href=\"https:\/\/contraluzcucuta.co\/wp-content\/uploads\/2025\/09\/ALCALDIA-CONCURSO-DE-CUENTO-2.jpg\"><img loading=\"lazy\" decoding=\"async\" class=\"alignnone  wp-image-45371 alignleft\" src=\"https:\/\/contraluzcucuta.co\/wp-content\/uploads\/2025\/09\/ALCALDIA-CONCURSO-DE-CUENTO-2-300x169.jpg\" alt=\"\" width=\"247\" height=\"139\" srcset=\"https:\/\/contraluzcucuta.co\/wp-content\/uploads\/2025\/09\/ALCALDIA-CONCURSO-DE-CUENTO-2-300x169.jpg 300w, https:\/\/contraluzcucuta.co\/wp-content\/uploads\/2025\/09\/ALCALDIA-CONCURSO-DE-CUENTO-2-1024x576.jpg 1024w, https:\/\/contraluzcucuta.co\/wp-content\/uploads\/2025\/09\/ALCALDIA-CONCURSO-DE-CUENTO-2-768x432.jpg 768w, https:\/\/contraluzcucuta.co\/wp-content\/uploads\/2025\/09\/ALCALDIA-CONCURSO-DE-CUENTO-2-600x338.jpg 600w, https:\/\/contraluzcucuta.co\/wp-content\/uploads\/2025\/09\/ALCALDIA-CONCURSO-DE-CUENTO-2.jpg 1280w\" sizes=\"auto, (max-width: 247px) 100vw, 247px\" \/><\/a><\/p>\n<p>Esta edici\u00f3n tuvo como tem\u00e1tica \u2018C\u00facuta del Futuro\u2019 y participaron cientos de estudiantes de instituciones educativas p\u00fablicas y privadas. El jurado, conformado por Isa\u00edas Romero, Martha Roc\u00edo Hern\u00e1ndez y Liliana Var\u00f3n, destac\u00f3 la originalidad, sensibilidad y talento literario de los concursantes.<\/p>\n<p>Los ganadores fueron elegidos en dos categor\u00edas:<\/p>\n<p><strong>Infantil:<\/strong><\/p>\n<p>Primer lugar:<\/p>\n<ul>\n<li>Michell C\u00e1ceres<\/li>\n<li>T\u00edtulo del cuento: Juan y los robots del Jard\u00edn Plaza<\/li>\n<li>Instituci\u00f3n Educativa: Jos\u00e9 Aquilino Dur\u00e1n<\/li>\n<li>Biblioteca P\u00fablica Nuestra Se\u00f1ora de Bel\u00e9n<\/li>\n<\/ul>\n<p>Segundo lugar:<\/p>\n<ul>\n<li>Wanderley Rozo<\/li>\n<li>T\u00edtulo del cuento: El r\u00edo que canta<\/li>\n<li>Instituci\u00f3n Educativa: Rafael Garc\u00eda-Herreros<\/li>\n<li>Biblioteca estacionaria Palmarito<\/li>\n<\/ul>\n<p>Tercer lugar:<\/p>\n<ul>\n<li>Aranza Valentina Quinto Murillo<\/li>\n<li>T\u00edtulo del cuento: Valentina y los \u00e1rboles que hablan<\/li>\n<li>Instituci\u00f3n Educativa: San Francisco de Sales<\/li>\n<li>Sala de lectura Mercedes \u00c1brego<\/li>\n<\/ul>\n<p><strong>Adolescentes<\/strong><\/p>\n<p>Primer lugar:<\/p>\n<ul>\n<li>Juan Esteban Corredor<\/li>\n<li>T\u00edtulo del cuento: El gran viaje a 1821<\/li>\n<li>Instituci\u00f3n Educativa: Colegio Santos Ap\u00f3stoles<\/li>\n<li>Biblioteca P\u00fablica Sim\u00f3n Bol\u00edvar<\/li>\n<\/ul>\n<p>Segundo lugar:<\/p>\n<ul>\n<li>Luna Salinas<\/li>\n<li>T\u00edtulo del cuento: Hola, soy Luna<\/li>\n<li>Instituci\u00f3n Educativa: Santo \u00c1ngel de la Guarda<\/li>\n<li>Biblioteca P\u00fablica Sim\u00f3n Bol\u00edvar<\/li>\n<\/ul>\n<p>Tercer lugar:<\/p>\n<ul>\n<li>Juan Jos\u00e9 Bol\u00edvar L\u00f3pez<\/li>\n<li>T\u00edtulo del cuento: La ciudad nocturna<\/li>\n<li>Instituci\u00f3n Educativa: Mercedes \u00c1brego<\/li>\n<li>Sala de lectura Mercedes \u00c1brego<\/li>\n<\/ul>\n","protected":false},"excerpt":{"rendered":"<p>C\u00daCUTA. La secretar\u00eda de Cultura y Patrimonio, y la Red Municipal de Lectura y Escritura dieron a conocer los ganadores de la s\u00e9ptima versi\u00f3n del Concurso de Cuento \u2018C\u00facuta en Palabras\u2019. La iniciativa fortalece la creatividad, la escritura y la imaginaci\u00f3n de ni\u00f1os y adolescentes del municipio. Esta edici\u00f3n tuvo como tem\u00e1tica \u2018C\u00facuta del Futuro\u2019 &hellip;<\/p>\n","protected":false},"author":1,"featured_media":45370,"comment_status":"open","ping_status":"open","sticky":false,"template":"","format":"standard","meta":{"footnotes":""},"categories":[4,37],"tags":[7175,6685,7064],"class_list":["post-45369","post","type-post","status-publish","format-standard","has-post-thumbnail","hentry","category-barra","category-paseo-cultural","tag-biblioteca-publica-nuestra-senora-de-belen","tag-red-municipal-de-lectura-y-escritura","tag-secretaria-de-cultura-y-patrimonio"],"_links":{"self":[{"href":"https:\/\/contraluzcucuta.co\/index.php?rest_route=\/wp\/v2\/posts\/45369","targetHints":{"allow":["GET"]}}],"collection":[{"href":"https:\/\/contraluzcucuta.co\/index.php?rest_route=\/wp\/v2\/posts"}],"about":[{"href":"https:\/\/contraluzcucuta.co\/index.php?rest_route=\/wp\/v2\/types\/post"}],"author":[{"embeddable":true,"href":"https:\/\/contraluzcucuta.co\/index.php?rest_route=\/wp\/v2\/users\/1"}],"replies":[{"embeddable":true,"href":"https:\/\/contraluzcucuta.co\/index.php?rest_route=%2Fwp%2Fv2%2Fcomments&post=45369"}],"version-history":[{"count":1,"href":"https:\/\/contraluzcucuta.co\/index.php?rest_route=\/wp\/v2\/posts\/45369\/revisions"}],"predecessor-version":[{"id":45372,"href":"https:\/\/contraluzcucuta.co\/index.php?rest_route=\/wp\/v2\/posts\/45369\/revisions\/45372"}],"wp:featuredmedia":[{"embeddable":true,"href":"https:\/\/contraluzcucuta.co\/index.php?rest_route=\/wp\/v2\/media\/45370"}],"wp:attachment":[{"href":"https:\/\/contraluzcucuta.co\/index.php?rest_route=%2Fwp%2Fv2%2Fmedia&parent=45369"}],"wp:term":[{"taxonomy":"category","embeddable":true,"href":"https:\/\/contraluzcucuta.co\/index.php?rest_route=%2Fwp%2Fv2%2Fcategories&post=45369"},{"taxonomy":"post_tag","embeddable":true,"href":"https:\/\/contraluzcucuta.co\/index.php?rest_route=%2Fwp%2Fv2%2Ftags&post=45369"}],"curies":[{"name":"wp","href":"https:\/\/api.w.org\/{rel}","templated":true}]}}