{"id":45344,"date":"2025-09-03T15:44:22","date_gmt":"2025-09-03T20:44:22","guid":{"rendered":"https:\/\/contraluzcucuta.co\/?p=45344"},"modified":"2025-09-03T15:44:22","modified_gmt":"2025-09-03T20:44:22","slug":"fiesta-del-libro-2025-ninos-y-jovenes-aprovechan-espacios-de-la-red-lectura-y-escritura","status":"publish","type":"post","link":"https:\/\/contraluzcucuta.co\/?p=45344","title":{"rendered":"FIESTA DEL LIBRO 2025. Ni\u00f1os y j\u00f3venes aprovechan espacios de la Red Lectura y Escritura"},"content":{"rendered":"<p style=\"text-align: right;\"><strong>C\u00daCUTA.<\/strong><\/p>\n<p><strong><span style=\"color: #ff9900;\">La secretar\u00eda de Cultura y Patrimonio, y la Red Municipal de Lectura y Escritura atendieron a 1051 ni\u00f1os y j\u00f3venes de instituciones educativas. Los estudiantes participaron en las zonas infantil, juvenil y ambiental, y en la muestra itinerante. En esos espacios descubrieron din\u00e1micas innovadoras para acercarse a los libros y al conocimiento.<\/span><\/strong><\/p>\n<p><a href=\"https:\/\/contraluzcucuta.co\/wp-content\/uploads\/2025\/09\/FIESTA-DEL-LIBRO-2025-2.jpg\"><img loading=\"lazy\" decoding=\"async\" class=\"alignnone  wp-image-45346 alignleft\" src=\"https:\/\/contraluzcucuta.co\/wp-content\/uploads\/2025\/09\/FIESTA-DEL-LIBRO-2025-2-300x225.jpg\" alt=\"\" width=\"245\" height=\"184\" srcset=\"https:\/\/contraluzcucuta.co\/wp-content\/uploads\/2025\/09\/FIESTA-DEL-LIBRO-2025-2-300x225.jpg 300w, https:\/\/contraluzcucuta.co\/wp-content\/uploads\/2025\/09\/FIESTA-DEL-LIBRO-2025-2-1024x768.jpg 1024w, https:\/\/contraluzcucuta.co\/wp-content\/uploads\/2025\/09\/FIESTA-DEL-LIBRO-2025-2-768x576.jpg 768w, https:\/\/contraluzcucuta.co\/wp-content\/uploads\/2025\/09\/FIESTA-DEL-LIBRO-2025-2-600x450.jpg 600w, https:\/\/contraluzcucuta.co\/wp-content\/uploads\/2025\/09\/FIESTA-DEL-LIBRO-2025-2.jpg 1280w\" sizes=\"auto, (max-width: 245px) 100vw, 245px\" \/><\/a><\/p>\n<p>La programaci\u00f3n incluye m\u00e1s de 120 actividades, entre talleres, lecturas colectivas, encuentros art\u00edsticos y recorridos pedag\u00f3gicos. Los asistentes podr\u00e1n adentrarse en la riqueza cultural y natural de El Catatumbo, y generar perspectivas para el aprendizaje de las nuevas generaciones.<\/p>\n<p>La Biblioteca P\u00fablica Julio P\u00e9rez Ferrero, epicentro de la Fiesta del Libro, alberga en la zona infantil a cientos de ni\u00f1os y j\u00f3venes que, en jornadas de ma\u00f1ana y tarde, encuentran el espacio ideal para explorar el mundo de la lectura de manera divertida y participativa.<\/p>\n<p>\u201cLa Fiesta del Libro es el coraz\u00f3n cultural de nuestra ciudad. Ver a tantos ni\u00f1os y j\u00f3venes participando nos llena de esperanza, porque aqu\u00ed nacen lectores, escritores y ciudadanos conscientes\u201d, expres\u00f3 Nadim Bayona P\u00e9rez, secretario de Cultura y Patrimonio.<\/p>\n<p>La Alcald\u00eda de C\u00facuta reafirma su compromiso con la promoci\u00f3n de la lectura y la escritura. Consolida la Fiesta del Libro como escenario de encuentro cultural, identidad y proyecci\u00f3n para la regi\u00f3n.<\/p>\n","protected":false},"excerpt":{"rendered":"<p>C\u00daCUTA. La secretar\u00eda de Cultura y Patrimonio, y la Red Municipal de Lectura y Escritura atendieron a 1051 ni\u00f1os y j\u00f3venes de instituciones educativas. Los estudiantes participaron en las zonas infantil, juvenil y ambiental, y en la muestra itinerante. En esos espacios descubrieron din\u00e1micas innovadoras para acercarse a los libros y al conocimiento. La programaci\u00f3n &hellip;<\/p>\n","protected":false},"author":1,"featured_media":45345,"comment_status":"open","ping_status":"open","sticky":false,"template":"","format":"standard","meta":{"footnotes":""},"categories":[4,37],"tags":[1168,123,6685,7064],"class_list":["post-45344","post","type-post","status-publish","format-standard","has-post-thumbnail","hentry","category-barra","category-paseo-cultural","tag-biblioteca-publica-julio-perez-ferrero","tag-fiesta-del-libro-cucuta","tag-red-municipal-de-lectura-y-escritura","tag-secretaria-de-cultura-y-patrimonio"],"_links":{"self":[{"href":"https:\/\/contraluzcucuta.co\/index.php?rest_route=\/wp\/v2\/posts\/45344","targetHints":{"allow":["GET"]}}],"collection":[{"href":"https:\/\/contraluzcucuta.co\/index.php?rest_route=\/wp\/v2\/posts"}],"about":[{"href":"https:\/\/contraluzcucuta.co\/index.php?rest_route=\/wp\/v2\/types\/post"}],"author":[{"embeddable":true,"href":"https:\/\/contraluzcucuta.co\/index.php?rest_route=\/wp\/v2\/users\/1"}],"replies":[{"embeddable":true,"href":"https:\/\/contraluzcucuta.co\/index.php?rest_route=%2Fwp%2Fv2%2Fcomments&post=45344"}],"version-history":[{"count":1,"href":"https:\/\/contraluzcucuta.co\/index.php?rest_route=\/wp\/v2\/posts\/45344\/revisions"}],"predecessor-version":[{"id":45347,"href":"https:\/\/contraluzcucuta.co\/index.php?rest_route=\/wp\/v2\/posts\/45344\/revisions\/45347"}],"wp:featuredmedia":[{"embeddable":true,"href":"https:\/\/contraluzcucuta.co\/index.php?rest_route=\/wp\/v2\/media\/45345"}],"wp:attachment":[{"href":"https:\/\/contraluzcucuta.co\/index.php?rest_route=%2Fwp%2Fv2%2Fmedia&parent=45344"}],"wp:term":[{"taxonomy":"category","embeddable":true,"href":"https:\/\/contraluzcucuta.co\/index.php?rest_route=%2Fwp%2Fv2%2Fcategories&post=45344"},{"taxonomy":"post_tag","embeddable":true,"href":"https:\/\/contraluzcucuta.co\/index.php?rest_route=%2Fwp%2Fv2%2Ftags&post=45344"}],"curies":[{"name":"wp","href":"https:\/\/api.w.org\/{rel}","templated":true}]}}