{"id":45340,"date":"2025-09-03T15:24:44","date_gmt":"2025-09-03T20:24:44","guid":{"rendered":"https:\/\/contraluzcucuta.co\/?p=45340"},"modified":"2025-09-03T15:24:44","modified_gmt":"2025-09-03T20:24:44","slug":"residuos-solidos-alcaldia-ejecuta-recursos-del-incentivo-al-aprovechamiento-y-tratamiento","status":"publish","type":"post","link":"https:\/\/contraluzcucuta.co\/?p=45340","title":{"rendered":"RESIDUOS S\u00d3LIDOS. Alcald\u00eda ejecuta recursos del incentivo al aprovechamiento y tratamiento"},"content":{"rendered":"<p style=\"text-align: right;\"><strong>C\u00daCUTA.<\/strong><\/p>\n<p><strong><span style=\"color: #ff9900;\">La Secretar\u00eda de Planeaci\u00f3n y Desarrollo Territorial, y la Oficina de Gesti\u00f3n y Supervisi\u00f3n de Servicios P\u00fablicos y Domiciliarios informan sobre la ejecuci\u00f3n de los recursos de los proyectos aprobados del Incentivo al Aprovechamiento y Tratamiento (IAT) de residuos s\u00f3lidos, correspondientes a la vigencia 2024.<\/span><\/strong><\/p>\n<p><a href=\"https:\/\/contraluzcucuta.co\/wp-content\/uploads\/2025\/09\/RESIDUOS-SOLIDOS-1.jpg\"><img loading=\"lazy\" decoding=\"async\" class=\"size-medium wp-image-45342 alignright\" src=\"https:\/\/contraluzcucuta.co\/wp-content\/uploads\/2025\/09\/RESIDUOS-SOLIDOS-1-182x300.jpg\" alt=\"\" width=\"182\" height=\"300\" srcset=\"https:\/\/contraluzcucuta.co\/wp-content\/uploads\/2025\/09\/RESIDUOS-SOLIDOS-1-182x300.jpg 182w, https:\/\/contraluzcucuta.co\/wp-content\/uploads\/2025\/09\/RESIDUOS-SOLIDOS-1-622x1024.jpg 622w, https:\/\/contraluzcucuta.co\/wp-content\/uploads\/2025\/09\/RESIDUOS-SOLIDOS-1-768x1265.jpg 768w, https:\/\/contraluzcucuta.co\/wp-content\/uploads\/2025\/09\/RESIDUOS-SOLIDOS-1-600x988.jpg 600w, https:\/\/contraluzcucuta.co\/wp-content\/uploads\/2025\/09\/RESIDUOS-SOLIDOS-1.jpg 777w\" sizes=\"auto, (max-width: 182px) 100vw, 182px\" \/><\/a>Estos fondos, estrat\u00e9gicamente asignados a las asociaciones de recicladores Areya y Asorelibertad, han sido primordiales para fortalecer la actividad de aprovechamiento de residuos.<\/p>\n<p>\u201cEste proceso se enmarca en las metas establecidas en el Plan de Gesti\u00f3n Integral de Residuos S\u00f3lidos (PGIRS) del municipio\u201d, dijo Michel Medina, jefe de la Oficina de Gesti\u00f3n y Supervisi\u00f3n de Servicios P\u00fablicos Domiciliarios.<\/p>\n<p>Reafirma el compromiso de la administraci\u00f3n municipal con la protecci\u00f3n del medio ambiente, el fortalecimiento del sector de aprovechamiento y la articulaci\u00f3n con organizaciones comunitarias y sociales.<\/p>\n<p>La aplicaci\u00f3n de los recursos logr\u00f3:<\/p>\n<ul>\n<li>Mejorar la capacidad operativa y log\u00edstica de las asociaciones beneficiarias.<\/li>\n<li>Implementar acciones de clasificaci\u00f3n, recolecci\u00f3n y tratamiento de residuos con criterios de sostenibilidad.<\/li>\n<li>Adquirir maquinaria y equipos que contribuyen al proceso integral de prestaci\u00f3n del servicio de aprovechamiento, recolecci\u00f3n, selecci\u00f3n, clasificaci\u00f3n y almacenamiento de materiales aprovechables.<\/li>\n<li>Impulsar la econom\u00eda circular y el aumento del porcentaje de aprovechamiento en la ciudad.<\/li>\n<\/ul>\n","protected":false},"excerpt":{"rendered":"<p>C\u00daCUTA. La Secretar\u00eda de Planeaci\u00f3n y Desarrollo Territorial, y la Oficina de Gesti\u00f3n y Supervisi\u00f3n de Servicios P\u00fablicos y Domiciliarios informan sobre la ejecuci\u00f3n de los recursos de los proyectos aprobados del Incentivo al Aprovechamiento y Tratamiento (IAT) de residuos s\u00f3lidos, correspondientes a la vigencia 2024. Estos fondos, estrat\u00e9gicamente asignados a las asociaciones de recicladores &hellip;<\/p>\n","protected":false},"author":1,"featured_media":45341,"comment_status":"open","ping_status":"open","sticky":false,"template":"","format":"standard","meta":{"footnotes":""},"categories":[4,36],"tags":[7168,7169,7167,7170,6478,6622],"class_list":["post-45340","post","type-post","status-publish","format-standard","has-post-thumbnail","hentry","category-barra","category-la-voz-del-pueblo","tag-areya","tag-asorelibertad","tag-oficina-de-gestion-y-supervision-de-servicios-publicos","tag-pgirs","tag-residuos-solidos","tag-secretaria-de-planeacion-y-desarrollo-territorial"],"_links":{"self":[{"href":"https:\/\/contraluzcucuta.co\/index.php?rest_route=\/wp\/v2\/posts\/45340","targetHints":{"allow":["GET"]}}],"collection":[{"href":"https:\/\/contraluzcucuta.co\/index.php?rest_route=\/wp\/v2\/posts"}],"about":[{"href":"https:\/\/contraluzcucuta.co\/index.php?rest_route=\/wp\/v2\/types\/post"}],"author":[{"embeddable":true,"href":"https:\/\/contraluzcucuta.co\/index.php?rest_route=\/wp\/v2\/users\/1"}],"replies":[{"embeddable":true,"href":"https:\/\/contraluzcucuta.co\/index.php?rest_route=%2Fwp%2Fv2%2Fcomments&post=45340"}],"version-history":[{"count":1,"href":"https:\/\/contraluzcucuta.co\/index.php?rest_route=\/wp\/v2\/posts\/45340\/revisions"}],"predecessor-version":[{"id":45343,"href":"https:\/\/contraluzcucuta.co\/index.php?rest_route=\/wp\/v2\/posts\/45340\/revisions\/45343"}],"wp:featuredmedia":[{"embeddable":true,"href":"https:\/\/contraluzcucuta.co\/index.php?rest_route=\/wp\/v2\/media\/45341"}],"wp:attachment":[{"href":"https:\/\/contraluzcucuta.co\/index.php?rest_route=%2Fwp%2Fv2%2Fmedia&parent=45340"}],"wp:term":[{"taxonomy":"category","embeddable":true,"href":"https:\/\/contraluzcucuta.co\/index.php?rest_route=%2Fwp%2Fv2%2Fcategories&post=45340"},{"taxonomy":"post_tag","embeddable":true,"href":"https:\/\/contraluzcucuta.co\/index.php?rest_route=%2Fwp%2Fv2%2Ftags&post=45340"}],"curies":[{"name":"wp","href":"https:\/\/api.w.org\/{rel}","templated":true}]}}