{"id":45311,"date":"2025-08-31T19:58:11","date_gmt":"2025-09-01T00:58:11","guid":{"rendered":"https:\/\/contraluzcucuta.co\/?p=45311"},"modified":"2025-08-31T19:58:11","modified_gmt":"2025-09-01T00:58:11","slug":"dojo-kukuta-esto-se-hace-con-el-alma-con-el-corazon-sensei-jesus-parada","status":"publish","type":"post","link":"https:\/\/contraluzcucuta.co\/?p=45311","title":{"rendered":"DOJO KUKUTA. Esto se hace con el alma, con el coraz\u00f3n, sensei Jes\u00fas Parada"},"content":{"rendered":"<p style=\"text-align: right;\"><strong>C\u00daCUTA.<\/strong><\/p>\n<p><strong><span style=\"color: #ff9900;\">Ni\u00f1os, j\u00f3venes y adultos, karatecas de los dojos Kukuta, Pamplona, Villa del Rosario y Silos, participaron en el 9TH Nacional y 3TH Internacional, en Bogot\u00e1. El resultado fue sorprendente. La delegaci\u00f3n nortesantandereana, al mando del sensei Jes\u00fas Dar\u00edo Parada, gan\u00f3 43 trofeos.<\/span><\/strong><\/p>\n<p><a href=\"https:\/\/contraluzcucuta.co\/wp-content\/uploads\/2025\/08\/DOJO-KUKUTA-12.jpg\"><img loading=\"lazy\" decoding=\"async\" class=\"alignnone  wp-image-45313 alignright\" src=\"https:\/\/contraluzcucuta.co\/wp-content\/uploads\/2025\/08\/DOJO-KUKUTA-12-300x225.jpg\" alt=\"\" width=\"245\" height=\"184\" srcset=\"https:\/\/contraluzcucuta.co\/wp-content\/uploads\/2025\/08\/DOJO-KUKUTA-12-300x225.jpg 300w, https:\/\/contraluzcucuta.co\/wp-content\/uploads\/2025\/08\/DOJO-KUKUTA-12-1024x768.jpg 1024w, https:\/\/contraluzcucuta.co\/wp-content\/uploads\/2025\/08\/DOJO-KUKUTA-12-768x576.jpg 768w, https:\/\/contraluzcucuta.co\/wp-content\/uploads\/2025\/08\/DOJO-KUKUTA-12-1536x1152.jpg 1536w, https:\/\/contraluzcucuta.co\/wp-content\/uploads\/2025\/08\/DOJO-KUKUTA-12-600x450.jpg 600w, https:\/\/contraluzcucuta.co\/wp-content\/uploads\/2025\/08\/DOJO-KUKUTA-12.jpg 1600w\" sizes=\"auto, (max-width: 245px) 100vw, 245px\" \/><\/a><\/p>\n<p>En el tatami quedaron deportistas llegados de Canad\u00e1, Chile, Costa Rica y M\u00e9xico, y los colombianos. En el coliseo del colegio Teresiano m\u00e1s de 200 competidores buscaron la gloria. Los rojinegros mostraron los resultados de la preparaci\u00f3n diaria y la disciplina constante para volver a casa con el bot\u00edn obtenido en kata (secuencias de movimientos predefinidas) y kumite (combate simulado).<\/p>\n<p>Esos triunfos individuales tienen orgulloso al sensei Parada. Los elogios alcanzaron para quienes ganaron y para los que vivieron la experiencia y en otra oportunidad podr\u00e1n exhibir los premios. \u201cSalieron a darlo todo. A no dejar nada guardado. Fue una excelente competencia y trajimos un buen n\u00famero de trofeos\u201d.<\/p>\n<p><a href=\"https:\/\/contraluzcucuta.co\/wp-content\/uploads\/2025\/08\/DOJO-KUKUTA-14.jpg\"><img loading=\"lazy\" decoding=\"async\" class=\"alignnone  wp-image-45314 alignright\" src=\"https:\/\/contraluzcucuta.co\/wp-content\/uploads\/2025\/08\/DOJO-KUKUTA-14-247x300.jpg\" alt=\"\" width=\"221\" height=\"268\" srcset=\"https:\/\/contraluzcucuta.co\/wp-content\/uploads\/2025\/08\/DOJO-KUKUTA-14-247x300.jpg 247w, https:\/\/contraluzcucuta.co\/wp-content\/uploads\/2025\/08\/DOJO-KUKUTA-14.jpg 444w\" sizes=\"auto, (max-width: 221px) 100vw, 221px\" \/><\/a><\/p>\n<p>Desde ni\u00f1os de 5 a\u00f1os hasta los seniors y los elites asumieron el reto y se entregaron en cada presentaci\u00f3n. \u201cEsto se hace con el alma, con el coraz\u00f3n, con \u00edmpetu, con fuerza de voluntad\u201d. En cada entrenamiento se les transmiten a cada muchacho mensajes de grandeza y de confianza.<\/p>\n<p>Todo, sumado a la voluntad propia, los lleva a alcanzar los objetivos propuestos. A esto se suma el trabajo de los colaboradores, de los padres de familia, de los cinturones negros y de los alumnos. \u201cTodos, colaboraron con algo para asistir al evento\u201d.<\/p>\n<p>La delegaci\u00f3n viaj\u00f3 con recursos propios y con los conseguidos mediante trabajos colectivos. \u201cNo recibimos la m\u00e1s m\u00ednima ayuda de nadie, que no sea del dojo\u201d.<\/p>\n<p>Una sonrisa de los deportistas y el agradecimiento sincero bastan para que el sensei Jes\u00fas Parada viva motivado. \u201cEso es m\u00e1s que suficiente\u201d. Los trofeos son de quienes se los ganan y cuando se necesitan los llevan a la sede deportiva para exhibirlos.<\/p>\n<p><a href=\"https:\/\/contraluzcucuta.co\/wp-content\/uploads\/2025\/08\/DOJO-KUKUTA-11.jpg\"><img loading=\"lazy\" decoding=\"async\" class=\"alignnone  wp-image-45315 alignleft\" src=\"https:\/\/contraluzcucuta.co\/wp-content\/uploads\/2025\/08\/DOJO-KUKUTA-11-276x300.jpg\" alt=\"\" width=\"231\" height=\"251\" srcset=\"https:\/\/contraluzcucuta.co\/wp-content\/uploads\/2025\/08\/DOJO-KUKUTA-11-276x300.jpg 276w, https:\/\/contraluzcucuta.co\/wp-content\/uploads\/2025\/08\/DOJO-KUKUTA-11-768x836.jpg 768w, https:\/\/contraluzcucuta.co\/wp-content\/uploads\/2025\/08\/DOJO-KUKUTA-11-600x653.jpg 600w, https:\/\/contraluzcucuta.co\/wp-content\/uploads\/2025\/08\/DOJO-KUKUTA-11.jpg 924w\" sizes=\"auto, (max-width: 231px) 100vw, 231px\" \/><\/a><\/p>\n<p>CINTUR\u00d3N NEGRO<\/p>\n<p>Jefferson Le\u00f3n es cintur\u00f3n negro y tercer dan en karate; adem\u00e1s, es instructor en el dojo Kukuta. La relaci\u00f3n con los muchachos es de maestro cuando trabajan y de amigos de la reja para afuera. En el tiempo ha aprendido a tener paciencia para tratar con ni\u00f1os, j\u00f3venes y adultos.<\/p>\n<p>Verlos crecer como deportistas y como personas lo pone orgulloso. Muchos lo buscan para hablar y ese encuentro lo califica de hermandad. \u201cComo ellos me quieran ver, ah\u00ed estoy\u201d.<\/p>\n<p><strong>Trofeos ganados en el Kyokushin Uni\u00f3n Championship<\/strong><\/p>\n<p>KATA<\/p>\n<ul>\n<li>Cuatro primeros lugares<\/li>\n<li>Ocho segundos lugares<\/li>\n<li>Siete terceros lugares<\/li>\n<\/ul>\n<p>KUMITE<\/p>\n<ul>\n<li>Diez primeros lugares<\/li>\n<li>Ocho segundos lugares<\/li>\n<li>Seis terceros lugares<\/li>\n<\/ul>\n","protected":false},"excerpt":{"rendered":"<p>C\u00daCUTA. Ni\u00f1os, j\u00f3venes y adultos, karatecas de los dojos Kukuta, Pamplona, Villa del Rosario y Silos, participaron en el 9TH Nacional y 3TH Internacional, en Bogot\u00e1. El resultado fue sorprendente. La delegaci\u00f3n nortesantandereana, al mando del sensei Jes\u00fas Dar\u00edo Parada, gan\u00f3 43 trofeos. En el tatami quedaron deportistas llegados de Canad\u00e1, Chile, Costa Rica y &hellip;<\/p>\n","protected":false},"author":1,"featured_media":45312,"comment_status":"open","ping_status":"open","sticky":false,"template":"","format":"standard","meta":{"footnotes":""},"categories":[4,28],"tags":[7066,7157],"class_list":["post-45311","post","type-post","status-publish","format-standard","has-post-thumbnail","hentry","category-barra","category-vistazo-deportivo","tag-dojo-kukuta","tag-sensei-jesus-dario-parada"],"_links":{"self":[{"href":"https:\/\/contraluzcucuta.co\/index.php?rest_route=\/wp\/v2\/posts\/45311","targetHints":{"allow":["GET"]}}],"collection":[{"href":"https:\/\/contraluzcucuta.co\/index.php?rest_route=\/wp\/v2\/posts"}],"about":[{"href":"https:\/\/contraluzcucuta.co\/index.php?rest_route=\/wp\/v2\/types\/post"}],"author":[{"embeddable":true,"href":"https:\/\/contraluzcucuta.co\/index.php?rest_route=\/wp\/v2\/users\/1"}],"replies":[{"embeddable":true,"href":"https:\/\/contraluzcucuta.co\/index.php?rest_route=%2Fwp%2Fv2%2Fcomments&post=45311"}],"version-history":[{"count":1,"href":"https:\/\/contraluzcucuta.co\/index.php?rest_route=\/wp\/v2\/posts\/45311\/revisions"}],"predecessor-version":[{"id":45316,"href":"https:\/\/contraluzcucuta.co\/index.php?rest_route=\/wp\/v2\/posts\/45311\/revisions\/45316"}],"wp:featuredmedia":[{"embeddable":true,"href":"https:\/\/contraluzcucuta.co\/index.php?rest_route=\/wp\/v2\/media\/45312"}],"wp:attachment":[{"href":"https:\/\/contraluzcucuta.co\/index.php?rest_route=%2Fwp%2Fv2%2Fmedia&parent=45311"}],"wp:term":[{"taxonomy":"category","embeddable":true,"href":"https:\/\/contraluzcucuta.co\/index.php?rest_route=%2Fwp%2Fv2%2Fcategories&post=45311"},{"taxonomy":"post_tag","embeddable":true,"href":"https:\/\/contraluzcucuta.co\/index.php?rest_route=%2Fwp%2Fv2%2Ftags&post=45311"}],"curies":[{"name":"wp","href":"https:\/\/api.w.org\/{rel}","templated":true}]}}