{"id":45301,"date":"2025-08-30T20:12:06","date_gmt":"2025-08-31T01:12:06","guid":{"rendered":"https:\/\/contraluzcucuta.co\/?p=45301"},"modified":"2025-08-30T20:12:06","modified_gmt":"2025-08-31T01:12:06","slug":"mesa-interinstitucional-fupad-y-alcaldia-analizaron-retos-migratorios","status":"publish","type":"post","link":"https:\/\/contraluzcucuta.co\/?p=45301","title":{"rendered":"MESA INTERINSTITUCIONAL. Fupad y alcald\u00eda analizaron retos migratorios"},"content":{"rendered":"<p style=\"text-align: right;\"><strong>C\u00daCUTA.<\/strong><\/p>\n<p><strong><span style=\"color: #ff9900;\">Fortalecer las acciones en favor de la poblaci\u00f3n migrante, refugiada y colombianos retornados en la ciudad era el prop\u00f3sito de la mesa de trabajo convocada por la Fundaci\u00f3n Panamericana para el Desarrollo (Fupad).<\/span><\/strong><\/p>\n<p><a href=\"https:\/\/contraluzcucuta.co\/wp-content\/uploads\/2025\/08\/ALCALDIA-FUPAD-2.jpg\"><img loading=\"lazy\" decoding=\"async\" class=\"alignnone  wp-image-45303 alignleft\" src=\"https:\/\/contraluzcucuta.co\/wp-content\/uploads\/2025\/08\/ALCALDIA-FUPAD-2-300x225.jpg\" alt=\"\" width=\"247\" height=\"185\" srcset=\"https:\/\/contraluzcucuta.co\/wp-content\/uploads\/2025\/08\/ALCALDIA-FUPAD-2-300x225.jpg 300w, https:\/\/contraluzcucuta.co\/wp-content\/uploads\/2025\/08\/ALCALDIA-FUPAD-2.jpg 414w\" sizes=\"auto, (max-width: 247px) 100vw, 247px\" \/><\/a><\/p>\n<p>En el encuentro particip\u00f3 la Oficina de Migraci\u00f3n y Frontera junto a instituciones p\u00fablicas, organizaciones internacionales y representantes de la sociedad civil. En la jornada se analizaron los retos que afronta la frontera en materia de movilidad humana, integraci\u00f3n y protecci\u00f3n de ni\u00f1os y adolescentes.<\/p>\n<p>La mesa abord\u00f3 los siguientes ejes:<\/p>\n<ol>\n<li>La migraci\u00f3n venezolana en la frontera.<\/li>\n<li>Los problemas derivados del conflicto en El Catatumbo.<\/li>\n<li>El impacto de esas situaciones en la ni\u00f1ez y la adolescencia, incluyendo riesgos de desescolarizaci\u00f3n y reclutamiento forzado.<\/li>\n<\/ol>\n<p>Gloria Alicia Pinz\u00f3n, directora de desarrollo socioecon\u00f3mico y fortalecimiento institucional de la Fundaci\u00f3n Panamericana para el Desarrollo en C\u00facuta, destac\u00f3 \u201cla oportunidad de desarrollar una mesa t\u00e9cnica con instituciones y organizaciones de la sociedad civil con el prop\u00f3sito de tener un antecedente local, regional y comunitario\u201d.<\/p>\n<p>En el espacio se lleg\u00f3 a acuerdos y reflexiones en torno a:<\/p>\n<ul>\n<li>Integraci\u00f3n local y duradera de la poblaci\u00f3n migrante<\/li>\n<li>Cohesi\u00f3n social con la comunidad de acogida<\/li>\n<li>Atenci\u00f3n de problemas que afrontan ni\u00f1os y adolescentes en la zona.<\/li>\n<\/ul>\n<p>Fabi\u00e1n Corzo Mel\u00e9ndez, jefe de la Oficina de Migraci\u00f3n y Frontera de la Alcald\u00eda de C\u00facuta, resalt\u00f3 \u201cel an\u00e1lisis hecho sobre los retos que tiene la poblaci\u00f3n migrante en la ciudad\u201d. Los espacios permiten fortalecer las acciones conjuntas y consolidar estrategias para atender de manera integral las necesidades de quienes lo requieren.<\/p>\n<p>La Alcald\u00eda de C\u00facuta reiter\u00f3 el compromiso con el trabajo articulado, la protecci\u00f3n de los derechos humanos y la construcci\u00f3n de ciudad inclusiva y solidaria para con las comunidades migrantes, retornadas y de acogida.<\/p>\n","protected":false},"excerpt":{"rendered":"<p>C\u00daCUTA. Fortalecer las acciones en favor de la poblaci\u00f3n migrante, refugiada y colombianos retornados en la ciudad era el prop\u00f3sito de la mesa de trabajo convocada por la Fundaci\u00f3n Panamericana para el Desarrollo (Fupad). En el encuentro particip\u00f3 la Oficina de Migraci\u00f3n y Frontera junto a instituciones p\u00fablicas, organizaciones internacionales y representantes de la sociedad &hellip;<\/p>\n","protected":false},"author":1,"featured_media":45302,"comment_status":"open","ping_status":"open","sticky":false,"template":"","format":"standard","meta":{"footnotes":""},"categories":[45,4],"tags":[226,7154,7155,7153],"class_list":["post-45301","post","type-post","status-publish","format-standard","has-post-thumbnail","hentry","category-destacado","category-barra","tag-alcaldia-de-cucuta","tag-fupad","tag-oficina-de-migracion-y-frontera","tag-poblacion-migrante"],"_links":{"self":[{"href":"https:\/\/contraluzcucuta.co\/index.php?rest_route=\/wp\/v2\/posts\/45301","targetHints":{"allow":["GET"]}}],"collection":[{"href":"https:\/\/contraluzcucuta.co\/index.php?rest_route=\/wp\/v2\/posts"}],"about":[{"href":"https:\/\/contraluzcucuta.co\/index.php?rest_route=\/wp\/v2\/types\/post"}],"author":[{"embeddable":true,"href":"https:\/\/contraluzcucuta.co\/index.php?rest_route=\/wp\/v2\/users\/1"}],"replies":[{"embeddable":true,"href":"https:\/\/contraluzcucuta.co\/index.php?rest_route=%2Fwp%2Fv2%2Fcomments&post=45301"}],"version-history":[{"count":1,"href":"https:\/\/contraluzcucuta.co\/index.php?rest_route=\/wp\/v2\/posts\/45301\/revisions"}],"predecessor-version":[{"id":45304,"href":"https:\/\/contraluzcucuta.co\/index.php?rest_route=\/wp\/v2\/posts\/45301\/revisions\/45304"}],"wp:featuredmedia":[{"embeddable":true,"href":"https:\/\/contraluzcucuta.co\/index.php?rest_route=\/wp\/v2\/media\/45302"}],"wp:attachment":[{"href":"https:\/\/contraluzcucuta.co\/index.php?rest_route=%2Fwp%2Fv2%2Fmedia&parent=45301"}],"wp:term":[{"taxonomy":"category","embeddable":true,"href":"https:\/\/contraluzcucuta.co\/index.php?rest_route=%2Fwp%2Fv2%2Fcategories&post=45301"},{"taxonomy":"post_tag","embeddable":true,"href":"https:\/\/contraluzcucuta.co\/index.php?rest_route=%2Fwp%2Fv2%2Ftags&post=45301"}],"curies":[{"name":"wp","href":"https:\/\/api.w.org\/{rel}","templated":true}]}}