{"id":45297,"date":"2025-08-30T19:50:52","date_gmt":"2025-08-31T00:50:52","guid":{"rendered":"https:\/\/contraluzcucuta.co\/?p=45297"},"modified":"2025-08-30T19:50:52","modified_gmt":"2025-08-31T00:50:52","slug":"programa-mi-plante-cucuta-fortalece-el-emprendimiento-local","status":"publish","type":"post","link":"https:\/\/contraluzcucuta.co\/?p=45297","title":{"rendered":"PROGRAMA MI PLANTE. C\u00facuta fortalece el emprendimiento local"},"content":{"rendered":"<p style=\"text-align: right;\"><strong>C\u00daCUTA.<\/strong><\/p>\n<p><strong><span style=\"color: #ff9900;\">El programa Mi Plante, iniciativa del Banco del Progreso, acompa\u00f1ar\u00e1 y potenciar\u00e1 a 90 emprendimientos locales, seleccionados entre 4822 postulaciones. El fin es fortalecer habilidades productivas, administrativas y comerciales.<\/span><\/strong><\/p>\n<p><a href=\"https:\/\/contraluzcucuta.co\/wp-content\/uploads\/2025\/08\/BANCO-DEL-PROGRESO-MI-PLANTE-2.jpg\"><img loading=\"lazy\" decoding=\"async\" class=\"size-medium wp-image-45299 alignright\" src=\"https:\/\/contraluzcucuta.co\/wp-content\/uploads\/2025\/08\/BANCO-DEL-PROGRESO-MI-PLANTE-2-300x176.jpg\" alt=\"\" width=\"300\" height=\"176\" srcset=\"https:\/\/contraluzcucuta.co\/wp-content\/uploads\/2025\/08\/BANCO-DEL-PROGRESO-MI-PLANTE-2-300x176.jpg 300w, https:\/\/contraluzcucuta.co\/wp-content\/uploads\/2025\/08\/BANCO-DEL-PROGRESO-MI-PLANTE-2-1024x601.jpg 1024w, https:\/\/contraluzcucuta.co\/wp-content\/uploads\/2025\/08\/BANCO-DEL-PROGRESO-MI-PLANTE-2-768x451.jpg 768w, https:\/\/contraluzcucuta.co\/wp-content\/uploads\/2025\/08\/BANCO-DEL-PROGRESO-MI-PLANTE-2-600x352.jpg 600w, https:\/\/contraluzcucuta.co\/wp-content\/uploads\/2025\/08\/BANCO-DEL-PROGRESO-MI-PLANTE-2.jpg 1280w\" sizes=\"auto, (max-width: 300px) 100vw, 300px\" \/><\/a>Mi Plante hace parte de la estrategia C\u00facuta Ciudad Destino, orientada a dinamizar el aparato productivo. \u201cQueremos que tengan capital, formaci\u00f3n y acompa\u00f1amiento para que crezcan de manera sostenible\u201d, dijo el alcalde Jorge Acevedo.<\/p>\n<p>Luis Javier Chaves, jefe de la Oficina de Emprendimiento y Acceso al Cr\u00e9dito del Banco del Progreso, afirm\u00f3 que Mi Plante responde a la necesidad de capital semilla en las comunas. \u201cNo solo se entregan insumos, tambi\u00e9n formaci\u00f3n y seguimiento para garantizar resultados\u201d.<\/p>\n<p>Omar Ortega G\u00f3mez, propietario de taller de confecciones, destac\u00f3 que esta oportunidad \u201cnos permite superar las limitaciones de maquinaria y materia prima para competir y crecer\u201d.<\/p>\n<p>El programa contempla tres fases principales:<\/p>\n<ul>\n<li>Diagn\u00f3stico individual. Para identificar la etapa de cada negocio.<\/li>\n<li>Formaci\u00f3n empresarial h\u00edbrida. 36 horas de capacitaci\u00f3n en finanzas, mercadeo, m\u00e1rquetin digital, habilidades blandas y aspectos legales.<\/li>\n<li>Entrega de capital semilla en especie. Insumos, materias primas, maquinaria o herramientas, seg\u00fan el plan de inversi\u00f3n de cada emprendedor.<\/li>\n<\/ul>\n<p>Los seleccionados participar\u00e1n en la Rueda de Soluciones Financieras y en eventos de visibilizaci\u00f3n que fortalecer\u00e1n la red de contactos y oportunidades.<\/p>\n","protected":false},"excerpt":{"rendered":"<p>C\u00daCUTA. El programa Mi Plante, iniciativa del Banco del Progreso, acompa\u00f1ar\u00e1 y potenciar\u00e1 a 90 emprendimientos locales, seleccionados entre 4822 postulaciones. El fin es fortalecer habilidades productivas, administrativas y comerciales. Mi Plante hace parte de la estrategia C\u00facuta Ciudad Destino, orientada a dinamizar el aparato productivo. \u201cQueremos que tengan capital, formaci\u00f3n y acompa\u00f1amiento para que &hellip;<\/p>\n","protected":false},"author":1,"featured_media":45298,"comment_status":"open","ping_status":"open","sticky":false,"template":"","format":"standard","meta":{"footnotes":""},"categories":[4,36],"tags":[5950,6400,6983,7152],"class_list":["post-45297","post","type-post","status-publish","format-standard","has-post-thumbnail","hentry","category-barra","category-la-voz-del-pueblo","tag-alcalde-jorge-acevedo","tag-banco-del-progreso-de-cucuta","tag-cucuta-ciudad-destino","tag-programa-mi-plante"],"_links":{"self":[{"href":"https:\/\/contraluzcucuta.co\/index.php?rest_route=\/wp\/v2\/posts\/45297","targetHints":{"allow":["GET"]}}],"collection":[{"href":"https:\/\/contraluzcucuta.co\/index.php?rest_route=\/wp\/v2\/posts"}],"about":[{"href":"https:\/\/contraluzcucuta.co\/index.php?rest_route=\/wp\/v2\/types\/post"}],"author":[{"embeddable":true,"href":"https:\/\/contraluzcucuta.co\/index.php?rest_route=\/wp\/v2\/users\/1"}],"replies":[{"embeddable":true,"href":"https:\/\/contraluzcucuta.co\/index.php?rest_route=%2Fwp%2Fv2%2Fcomments&post=45297"}],"version-history":[{"count":1,"href":"https:\/\/contraluzcucuta.co\/index.php?rest_route=\/wp\/v2\/posts\/45297\/revisions"}],"predecessor-version":[{"id":45300,"href":"https:\/\/contraluzcucuta.co\/index.php?rest_route=\/wp\/v2\/posts\/45297\/revisions\/45300"}],"wp:featuredmedia":[{"embeddable":true,"href":"https:\/\/contraluzcucuta.co\/index.php?rest_route=\/wp\/v2\/media\/45298"}],"wp:attachment":[{"href":"https:\/\/contraluzcucuta.co\/index.php?rest_route=%2Fwp%2Fv2%2Fmedia&parent=45297"}],"wp:term":[{"taxonomy":"category","embeddable":true,"href":"https:\/\/contraluzcucuta.co\/index.php?rest_route=%2Fwp%2Fv2%2Fcategories&post=45297"},{"taxonomy":"post_tag","embeddable":true,"href":"https:\/\/contraluzcucuta.co\/index.php?rest_route=%2Fwp%2Fv2%2Ftags&post=45297"}],"curies":[{"name":"wp","href":"https:\/\/api.w.org\/{rel}","templated":true}]}}