{"id":45235,"date":"2025-08-20T13:43:58","date_gmt":"2025-08-20T18:43:58","guid":{"rendered":"https:\/\/contraluzcucuta.co\/?p=45235"},"modified":"2025-08-20T13:43:58","modified_gmt":"2025-08-20T18:43:58","slug":"cumo-2025-cucuta-se-viste-de-moda","status":"publish","type":"post","link":"https:\/\/contraluzcucuta.co\/?p=45235","title":{"rendered":"CUMO 2025. C\u00facuta se viste de moda"},"content":{"rendered":"<p style=\"text-align: right;\"><strong>C\u00daCUTA<\/strong><\/p>\n<p><strong><span style=\"color: #ff9900;\">La vitrina representativa del talento, la creatividad y la identidad de la moda cucute\u00f1a, C\u00facuta Moda 2025 (CuMo 2025), tendr\u00e1 lugar el 21 y 22 de agosto. Compradores nacionales e internacionales, emprendedores y empresarios del sector textil\u2013moda se dar\u00e1n cita para impulsar la competitividad local y proyectar a la ciudad hacia escenarios globales.<\/span><\/strong><\/p>\n<p>La Oficina de Emprendimiento y Acceso al Cr\u00e9dito Banco del Progreso, en alianza con Corpomoda, C\u00e1mara de Comercio de C\u00facuta y Gobernaci\u00f3n de Norte de Santander, present\u00f3 la feria.<\/p>\n<p><a href=\"https:\/\/contraluzcucuta.co\/wp-content\/uploads\/2025\/08\/CUMO-2025-1.jpg\"><img loading=\"lazy\" decoding=\"async\" class=\"alignnone  wp-image-45237 alignleft\" src=\"https:\/\/contraluzcucuta.co\/wp-content\/uploads\/2025\/08\/CUMO-2025-1-300x199.jpg\" alt=\"\" width=\"249\" height=\"165\" srcset=\"https:\/\/contraluzcucuta.co\/wp-content\/uploads\/2025\/08\/CUMO-2025-1-300x199.jpg 300w, https:\/\/contraluzcucuta.co\/wp-content\/uploads\/2025\/08\/CUMO-2025-1-1024x678.jpg 1024w, https:\/\/contraluzcucuta.co\/wp-content\/uploads\/2025\/08\/CUMO-2025-1-768x509.jpg 768w, https:\/\/contraluzcucuta.co\/wp-content\/uploads\/2025\/08\/CUMO-2025-1-1536x1018.jpg 1536w, https:\/\/contraluzcucuta.co\/wp-content\/uploads\/2025\/08\/CUMO-2025-1-310x205.jpg 310w, https:\/\/contraluzcucuta.co\/wp-content\/uploads\/2025\/08\/CUMO-2025-1-600x398.jpg 600w, https:\/\/contraluzcucuta.co\/wp-content\/uploads\/2025\/08\/CUMO-2025-1.jpg 1600w\" sizes=\"auto, (max-width: 249px) 100vw, 249px\" \/><\/a><\/p>\n<p>El alcalde Jorge Acevedo destac\u00f3 la importancia del evento para el desarrollo econ\u00f3mico y social de la capital nortesantandereana. \u201cC\u00facuta sigue visti\u00e9ndose de moda y desarrollo\u201d, dijo. La moda representa buena parte importante del producto interno bruto de C\u00facuta.<\/p>\n<p>\u201cApoyamos de manera decidida a este sector que impulsa la econom\u00eda y proyecta nuestro talento a nivel nacional e internacional\u201d, dijo el alcalde Acevedo. La entrada ser\u00e1 gratuita para que los cucute\u00f1os disfruten el espacio, conozcan los productos y sean parte de la feria que se perfila como referente para la regi\u00f3n y el pa\u00eds.<\/p>\n<p>El secretario del Banco del Progreso, Luis Javier Chaves, resalt\u00f3 el papel de la moda como motor econ\u00f3mico. \u201cMe siento en casa con un evento tan importante como CuMo, convertido en insignia para la regi\u00f3n\u201d. Este a\u00f1o se esperan m\u00e1s de 80 compradores nacionales e internacionales.<\/p>\n<p>Chaves record\u00f3 que hace menos de un mes se mostr\u00f3 el talento cucute\u00f1o en \u2018C\u00facuta sin Fronteras\u2019, y la presencia en Colombiamoda, con 40 empresarios que lograron ventas directas por m\u00e1s de $ 4500 millones y proyecciones que superan los $ 9000 millones.<\/p>\n<p>\u201cEstas cifras evidencian que el sector moda mueve nuestra econom\u00eda y genera empleo. Nuestro compromiso es claro, si los empresarios crecen, crece la ciudad y se transforma la regi\u00f3n\u201d, dijo Chaves.<\/p>\n<p>Corpomoda celebr\u00f3 las bodas de cristal con dise\u00f1adores, empresarios y emprendedores que participar\u00e1n en la feria, respaldados por la administraci\u00f3n municipal.<\/p>\n","protected":false},"excerpt":{"rendered":"<p>C\u00daCUTA La vitrina representativa del talento, la creatividad y la identidad de la moda cucute\u00f1a, C\u00facuta Moda 2025 (CuMo 2025), tendr\u00e1 lugar el 21 y 22 de agosto. Compradores nacionales e internacionales, emprendedores y empresarios del sector textil\u2013moda se dar\u00e1n cita para impulsar la competitividad local y proyectar a la ciudad hacia escenarios globales. La &hellip;<\/p>\n","protected":false},"author":1,"featured_media":45236,"comment_status":"open","ping_status":"open","sticky":false,"template":"","format":"standard","meta":{"footnotes":""},"categories":[4,6],"tags":[6400,375,7137,7135,7136,379],"class_list":["post-45235","post","type-post","status-publish","format-standard","has-post-thumbnail","hentry","category-barra","category-ojo-avizor","tag-banco-del-progreso-de-cucuta","tag-camara-de-comercio-de-cucuta","tag-corpomoda","tag-cucuta-moda-2025","tag-cumo-2025","tag-gobernacion-de-norte-de-santander"],"_links":{"self":[{"href":"https:\/\/contraluzcucuta.co\/index.php?rest_route=\/wp\/v2\/posts\/45235","targetHints":{"allow":["GET"]}}],"collection":[{"href":"https:\/\/contraluzcucuta.co\/index.php?rest_route=\/wp\/v2\/posts"}],"about":[{"href":"https:\/\/contraluzcucuta.co\/index.php?rest_route=\/wp\/v2\/types\/post"}],"author":[{"embeddable":true,"href":"https:\/\/contraluzcucuta.co\/index.php?rest_route=\/wp\/v2\/users\/1"}],"replies":[{"embeddable":true,"href":"https:\/\/contraluzcucuta.co\/index.php?rest_route=%2Fwp%2Fv2%2Fcomments&post=45235"}],"version-history":[{"count":1,"href":"https:\/\/contraluzcucuta.co\/index.php?rest_route=\/wp\/v2\/posts\/45235\/revisions"}],"predecessor-version":[{"id":45238,"href":"https:\/\/contraluzcucuta.co\/index.php?rest_route=\/wp\/v2\/posts\/45235\/revisions\/45238"}],"wp:featuredmedia":[{"embeddable":true,"href":"https:\/\/contraluzcucuta.co\/index.php?rest_route=\/wp\/v2\/media\/45236"}],"wp:attachment":[{"href":"https:\/\/contraluzcucuta.co\/index.php?rest_route=%2Fwp%2Fv2%2Fmedia&parent=45235"}],"wp:term":[{"taxonomy":"category","embeddable":true,"href":"https:\/\/contraluzcucuta.co\/index.php?rest_route=%2Fwp%2Fv2%2Fcategories&post=45235"},{"taxonomy":"post_tag","embeddable":true,"href":"https:\/\/contraluzcucuta.co\/index.php?rest_route=%2Fwp%2Fv2%2Ftags&post=45235"}],"curies":[{"name":"wp","href":"https:\/\/api.w.org\/{rel}","templated":true}]}}