{"id":45167,"date":"2025-08-14T19:09:05","date_gmt":"2025-08-15T00:09:05","guid":{"rendered":"https:\/\/contraluzcucuta.co\/?p=45167"},"modified":"2025-08-14T19:09:05","modified_gmt":"2025-08-15T00:09:05","slug":"pamplonita-mintransporte-impulsa-obra-vial-estrategica","status":"publish","type":"post","link":"https:\/\/contraluzcucuta.co\/?p=45167","title":{"rendered":"PAMPLONITA. MinTransporte impulsa obra vial estrat\u00e9gica"},"content":{"rendered":"<p style=\"text-align: right;\"><strong>PAMPLONITA \u2013 Norte de Santander<\/strong><\/p>\n<p><strong><span style=\"color: #ff9900;\">El Ministerio de Transporte y la Gobernaci\u00f3n de Norte de Santander unieron intereses para avanzar en la transformaci\u00f3n de la infraestructura vial en el departamento. En Pamplonita se estructura el proyecto que intervendr\u00e1 765 metros lineales de la v\u00eda de acceso. La obra incluye muro de contenci\u00f3n y trabajos complementarios. La financiaci\u00f3n ser\u00e1 con recursos del fondo de subsidio a la sobretasa a la gasolina.<\/span><\/strong><\/p>\n<p><a href=\"https:\/\/contraluzcucuta.co\/wp-content\/uploads\/2025\/08\/PAMPLONITA-VIAS-1.png\"><img loading=\"lazy\" decoding=\"async\" class=\"alignnone  wp-image-45169 alignleft\" src=\"https:\/\/contraluzcucuta.co\/wp-content\/uploads\/2025\/08\/PAMPLONITA-VIAS-1-300x169.png\" alt=\"\" width=\"247\" height=\"139\" srcset=\"https:\/\/contraluzcucuta.co\/wp-content\/uploads\/2025\/08\/PAMPLONITA-VIAS-1-300x169.png 300w, https:\/\/contraluzcucuta.co\/wp-content\/uploads\/2025\/08\/PAMPLONITA-VIAS-1-1024x576.png 1024w, https:\/\/contraluzcucuta.co\/wp-content\/uploads\/2025\/08\/PAMPLONITA-VIAS-1-768x432.png 768w, https:\/\/contraluzcucuta.co\/wp-content\/uploads\/2025\/08\/PAMPLONITA-VIAS-1-600x338.png 600w, https:\/\/contraluzcucuta.co\/wp-content\/uploads\/2025\/08\/PAMPLONITA-VIAS-1.png 1152w\" sizes=\"auto, (max-width: 247px) 100vw, 247px\" \/><\/a><\/p>\n<p>Desde el Ministerio de Transporte, el respaldo ha sido total. \u201cEsperamos que el proyecto est\u00e9 viabilizado a finales de este mes, y que los recursos lleguen al departamento en octubre para iniciar obras\u201d, dijo Esperanza Ledezma, coordinadora del Grupo de Regiones del Ministerio.<\/p>\n<p>El alcalde de Pamplonita, Jos\u00e9 Alberto Miranda, destac\u00f3 el impacto directo que tendr\u00e1 esta obra para el municipio. \u201cDependemos de esta v\u00eda para el ingreso, pero tambi\u00e9n para impulsar el comercio y el turismo\u201d, destac\u00f3.<\/p>\n<p>La intervenci\u00f3n en Pamplonita es muestra del trabajo del gobernador William Villamizar para llevar desarrollo y conectividad al departamento. La administraci\u00f3n departamental estuvo representada por Mary Fabiana Leal, secretaria de V\u00edas.<\/p>\n<p><strong>Luis Tob\u00f3n &#8211; @GoberNorte<\/strong><\/p>\n","protected":false},"excerpt":{"rendered":"<p>PAMPLONITA \u2013 Norte de Santander El Ministerio de Transporte y la Gobernaci\u00f3n de Norte de Santander unieron intereses para avanzar en la transformaci\u00f3n de la infraestructura vial en el departamento. En Pamplonita se estructura el proyecto que intervendr\u00e1 765 metros lineales de la v\u00eda de acceso. La obra incluye muro de contenci\u00f3n y trabajos complementarios. &hellip;<\/p>\n","protected":false},"author":1,"featured_media":45168,"comment_status":"open","ping_status":"open","sticky":false,"template":"","format":"standard","meta":{"footnotes":""},"categories":[4,32],"tags":[7117,379,3420,3969,752],"class_list":["post-45167","post","type-post","status-publish","format-standard","has-post-thumbnail","hentry","category-barra","category-recorrido-por-la-region","tag-alcaldia-de-pamplonita","tag-gobernacion-de-norte-de-santander","tag-ministerio-de-transporte","tag-pamplonita","tag-secretaria-de-vias"],"_links":{"self":[{"href":"https:\/\/contraluzcucuta.co\/index.php?rest_route=\/wp\/v2\/posts\/45167","targetHints":{"allow":["GET"]}}],"collection":[{"href":"https:\/\/contraluzcucuta.co\/index.php?rest_route=\/wp\/v2\/posts"}],"about":[{"href":"https:\/\/contraluzcucuta.co\/index.php?rest_route=\/wp\/v2\/types\/post"}],"author":[{"embeddable":true,"href":"https:\/\/contraluzcucuta.co\/index.php?rest_route=\/wp\/v2\/users\/1"}],"replies":[{"embeddable":true,"href":"https:\/\/contraluzcucuta.co\/index.php?rest_route=%2Fwp%2Fv2%2Fcomments&post=45167"}],"version-history":[{"count":1,"href":"https:\/\/contraluzcucuta.co\/index.php?rest_route=\/wp\/v2\/posts\/45167\/revisions"}],"predecessor-version":[{"id":45170,"href":"https:\/\/contraluzcucuta.co\/index.php?rest_route=\/wp\/v2\/posts\/45167\/revisions\/45170"}],"wp:featuredmedia":[{"embeddable":true,"href":"https:\/\/contraluzcucuta.co\/index.php?rest_route=\/wp\/v2\/media\/45168"}],"wp:attachment":[{"href":"https:\/\/contraluzcucuta.co\/index.php?rest_route=%2Fwp%2Fv2%2Fmedia&parent=45167"}],"wp:term":[{"taxonomy":"category","embeddable":true,"href":"https:\/\/contraluzcucuta.co\/index.php?rest_route=%2Fwp%2Fv2%2Fcategories&post=45167"},{"taxonomy":"post_tag","embeddable":true,"href":"https:\/\/contraluzcucuta.co\/index.php?rest_route=%2Fwp%2Fv2%2Ftags&post=45167"}],"curies":[{"name":"wp","href":"https:\/\/api.w.org\/{rel}","templated":true}]}}