{"id":45159,"date":"2025-08-13T17:11:50","date_gmt":"2025-08-13T22:11:50","guid":{"rendered":"https:\/\/contraluzcucuta.co\/?p=45159"},"modified":"2025-08-13T17:11:50","modified_gmt":"2025-08-13T22:11:50","slug":"seguridad-y-convivencia-comunidades-educativas-reciben-oferta-institucional","status":"publish","type":"post","link":"https:\/\/contraluzcucuta.co\/?p=45159","title":{"rendered":"SEGURIDAD Y CONVIVENCIA. Comunidades educativas reciben oferta institucional"},"content":{"rendered":"<p style=\"text-align: right;\"><strong>C\u00daCUTA.<\/strong><\/p>\n<p><strong><span style=\"color: #ff9900;\">En la implementaci\u00f3n del programa Ni\u00f1os Seguros, Comunidades Seguras, la Alcald\u00eda de C\u00facuta lleva a cabo jornadas de socializaci\u00f3n e informaci\u00f3n con estudiantes de instituciones educativas. El fin es dar a conocer las oportunidades y salidas profesionales que ofrecen el Ej\u00e9rcito y la Polic\u00eda.<\/span><\/strong><\/p>\n<p><a href=\"https:\/\/contraluzcucuta.co\/wp-content\/uploads\/2025\/08\/SEGURIDAD-CIUDADANA-COLEGIOS-5.jpg\"><img loading=\"lazy\" decoding=\"async\" class=\"alignnone  wp-image-45161 alignleft\" src=\"https:\/\/contraluzcucuta.co\/wp-content\/uploads\/2025\/08\/SEGURIDAD-CIUDADANA-COLEGIOS-5-300x195.jpg\" alt=\"\" width=\"245\" height=\"159\" srcset=\"https:\/\/contraluzcucuta.co\/wp-content\/uploads\/2025\/08\/SEGURIDAD-CIUDADANA-COLEGIOS-5-300x195.jpg 300w, https:\/\/contraluzcucuta.co\/wp-content\/uploads\/2025\/08\/SEGURIDAD-CIUDADANA-COLEGIOS-5-600x390.jpg 600w, https:\/\/contraluzcucuta.co\/wp-content\/uploads\/2025\/08\/SEGURIDAD-CIUDADANA-COLEGIOS-5.jpg 676w\" sizes=\"auto, (max-width: 245px) 100vw, 245px\" \/><\/a><\/p>\n<p>El secretario de Seguridad Ciudadana, Edwin Cardona, explic\u00f3 que las acciones se desarrollan en cumplimiento del Plan Integral de Seguridad y Convivencia Ciudadana (PISCC). El ejercicio se lleva a cabo en coordinaci\u00f3n con el batall\u00f3n de Polic\u00eda Militar, el grupo de Caballer\u00eda del Ej\u00e9rcito y la Polic\u00eda Metropolitana.<\/p>\n<p>\u201cLlegamos a los estudiantes de \u00faltimo grado de bachillerato de las instituciones educativas de la ciudad para darles a conocer las oportunidades del servicio y el desarrollo personal y profesional que pueden obtener mediante procesos de capacitaci\u00f3n y formaci\u00f3n\u201d, asegur\u00f3 el secretario.<\/p>\n<p>Las instituciones de la fuerza p\u00fablica ofrecen estabilidad laboral, salud, desarrollo de habilidades y competencias profesionales. El trabajo comenz\u00f3 en las comunas 7 y 8, donde visitan colegios y generan el acercamiento entre lo institucional y los j\u00f3venes, orient\u00e1ndolos sobre las funciones de la secretar\u00eda de Seguridad, el manejo en la prevenci\u00f3n de delitos, rutas de atenci\u00f3n y canales de denuncia.<\/p>\n<p>J\u00f3venes de las instituciones Padre Arturo Z\u00e1rate (La Fortaleza) y del colegio Juana Rangel de Cu\u00e9llar (La Laguna), son los primeros beneficiados del programa. \u201cNo ten\u00eda conocimiento de las ventajas y lo que ofrece el Ej\u00e9rcito para continuar con nuestra formaci\u00f3n\u201d, manifest\u00f3 \u00c1ngel Prado, estudiante.<\/p>\n","protected":false},"excerpt":{"rendered":"<p>C\u00daCUTA. En la implementaci\u00f3n del programa Ni\u00f1os Seguros, Comunidades Seguras, la Alcald\u00eda de C\u00facuta lleva a cabo jornadas de socializaci\u00f3n e informaci\u00f3n con estudiantes de instituciones educativas. El fin es dar a conocer las oportunidades y salidas profesionales que ofrecen el Ej\u00e9rcito y la Polic\u00eda. El secretario de Seguridad Ciudadana, Edwin Cardona, explic\u00f3 que las &hellip;<\/p>\n","protected":false},"author":1,"featured_media":45160,"comment_status":"open","ping_status":"open","sticky":false,"template":"","format":"standard","meta":{"footnotes":""},"categories":[11,4],"tags":[226,6885,7116,323,163,2889],"class_list":["post-45159","post","type-post","status-publish","format-standard","has-post-thumbnail","hentry","category-cronica-roja","category-barra","tag-alcaldia-de-cucuta","tag-batallon-de-policia-militar","tag-grupo-de-caballeria-del-ejercito","tag-mecuc","tag-policia-metropolitana","tag-secretaria-de-seguridad-ciudadana"],"_links":{"self":[{"href":"https:\/\/contraluzcucuta.co\/index.php?rest_route=\/wp\/v2\/posts\/45159","targetHints":{"allow":["GET"]}}],"collection":[{"href":"https:\/\/contraluzcucuta.co\/index.php?rest_route=\/wp\/v2\/posts"}],"about":[{"href":"https:\/\/contraluzcucuta.co\/index.php?rest_route=\/wp\/v2\/types\/post"}],"author":[{"embeddable":true,"href":"https:\/\/contraluzcucuta.co\/index.php?rest_route=\/wp\/v2\/users\/1"}],"replies":[{"embeddable":true,"href":"https:\/\/contraluzcucuta.co\/index.php?rest_route=%2Fwp%2Fv2%2Fcomments&post=45159"}],"version-history":[{"count":1,"href":"https:\/\/contraluzcucuta.co\/index.php?rest_route=\/wp\/v2\/posts\/45159\/revisions"}],"predecessor-version":[{"id":45162,"href":"https:\/\/contraluzcucuta.co\/index.php?rest_route=\/wp\/v2\/posts\/45159\/revisions\/45162"}],"wp:featuredmedia":[{"embeddable":true,"href":"https:\/\/contraluzcucuta.co\/index.php?rest_route=\/wp\/v2\/media\/45160"}],"wp:attachment":[{"href":"https:\/\/contraluzcucuta.co\/index.php?rest_route=%2Fwp%2Fv2%2Fmedia&parent=45159"}],"wp:term":[{"taxonomy":"category","embeddable":true,"href":"https:\/\/contraluzcucuta.co\/index.php?rest_route=%2Fwp%2Fv2%2Fcategories&post=45159"},{"taxonomy":"post_tag","embeddable":true,"href":"https:\/\/contraluzcucuta.co\/index.php?rest_route=%2Fwp%2Fv2%2Ftags&post=45159"}],"curies":[{"name":"wp","href":"https:\/\/api.w.org\/{rel}","templated":true}]}}