{"id":45155,"date":"2025-08-13T15:46:21","date_gmt":"2025-08-13T20:46:21","guid":{"rendered":"https:\/\/contraluzcucuta.co\/?p=45155"},"modified":"2025-08-13T15:46:21","modified_gmt":"2025-08-13T20:46:21","slug":"convivencia-social-cucuta-fortalece-la-salud-mental-escolar","status":"publish","type":"post","link":"https:\/\/contraluzcucuta.co\/?p=45155","title":{"rendered":"CONVIVENCIA SOCIAL. C\u00facuta fortalece la salud mental escolar \u00a0"},"content":{"rendered":"<p style=\"text-align: right;\"><strong>C\u00daCUTA.<\/strong><\/p>\n<p><strong><span style=\"color: #ff9900;\">La secretar\u00eda de Salud, mediante el Programa de Convivencia Social y Salud Mental, fortalece la gesti\u00f3n de capacidades con docentes de instituciones educativas del municipio. La apuesta integral beneficia la salud mental de ni\u00f1os y adolescentes.<\/span><\/strong><\/p>\n<p><a href=\"https:\/\/contraluzcucuta.co\/wp-content\/uploads\/2025\/08\/SECRETARIA-DE-EDUCACION-SALUD-MENTAL-2.jpg\"><img loading=\"lazy\" decoding=\"async\" class=\"alignnone  wp-image-45157 alignleft\" src=\"https:\/\/contraluzcucuta.co\/wp-content\/uploads\/2025\/08\/SECRETARIA-DE-EDUCACION-SALUD-MENTAL-2-300x225.jpg\" alt=\"\" width=\"245\" height=\"184\" srcset=\"https:\/\/contraluzcucuta.co\/wp-content\/uploads\/2025\/08\/SECRETARIA-DE-EDUCACION-SALUD-MENTAL-2-300x225.jpg 300w, https:\/\/contraluzcucuta.co\/wp-content\/uploads\/2025\/08\/SECRETARIA-DE-EDUCACION-SALUD-MENTAL-2-1024x768.jpg 1024w, https:\/\/contraluzcucuta.co\/wp-content\/uploads\/2025\/08\/SECRETARIA-DE-EDUCACION-SALUD-MENTAL-2-768x576.jpg 768w, https:\/\/contraluzcucuta.co\/wp-content\/uploads\/2025\/08\/SECRETARIA-DE-EDUCACION-SALUD-MENTAL-2-1536x1152.jpg 1536w, https:\/\/contraluzcucuta.co\/wp-content\/uploads\/2025\/08\/SECRETARIA-DE-EDUCACION-SALUD-MENTAL-2-600x450.jpg 600w, https:\/\/contraluzcucuta.co\/wp-content\/uploads\/2025\/08\/SECRETARIA-DE-EDUCACION-SALUD-MENTAL-2.jpg 1600w\" sizes=\"auto, (max-width: 245px) 100vw, 245px\" \/><\/a><\/p>\n<p style=\"text-align: left;\">Este proceso formativo, que ha tenido acogida entre el cuerpo docente, busca mejorar la articulaci\u00f3n de los sectores educativo y salud. La finalidad es garantizar la respuesta oportuna ante situaciones de riesgo que afectan el bienestar emocional y sicol\u00f3gico de los estudiantes.<\/p>\n<p>Durante las jornadas, los educadores participaron en espacios centrados en el an\u00e1lisis de casos reales relacionados con intentos de suicidio, consumo de sustancias sicoactivas, violencias basadas en g\u00e9nero y otros problemas sicosociales.<\/p>\n<p>Zulay D\u00edaz, docente de la Instituci\u00f3n T\u00e9cnica Policarpa Salavarrieta, reconoci\u00f3 el impacto positivo de la formaci\u00f3n en el entorno escolar. \u201cPermite entender c\u00f3mo actuar frente a situaciones que se presentan a diario, mejora la relaci\u00f3n con los estudiantes y orienta el trabajo con los padres de familia\u201d.<\/p>\n<p>La secretar\u00eda de Salud ha entregado a las instituciones educativas la Caja de Herramientas en Salud Mental. Incluye, materiales did\u00e1cticos, actividades l\u00fadicas, gu\u00edas pr\u00e1cticas y contenidos adaptados para fortalecer las habilidades socioemocionales de los estudiantes y brindar a los docentes recursos \u00fatiles para abordar estas tem\u00e1ticas de manera cercana y efectiva.<\/p>\n<p>Se desarrollan obras de teatro que permiten abordar, desde el lenguaje juvenil, c\u00f3mo prevenir el embarazo en la adolescencia y la salud mental, para fomentar la reflexi\u00f3n y la prevenci\u00f3n desde la experiencia vivencial.<\/p>\n","protected":false},"excerpt":{"rendered":"<p>C\u00daCUTA. La secretar\u00eda de Salud, mediante el Programa de Convivencia Social y Salud Mental, fortalece la gesti\u00f3n de capacidades con docentes de instituciones educativas del municipio. La apuesta integral beneficia la salud mental de ni\u00f1os y adolescentes. Este proceso formativo, que ha tenido acogida entre el cuerpo docente, busca mejorar la articulaci\u00f3n de los sectores &hellip;<\/p>\n","protected":false},"author":1,"featured_media":45156,"comment_status":"open","ping_status":"open","sticky":false,"template":"","format":"standard","meta":{"footnotes":""},"categories":[4,36],"tags":[7115,1565],"class_list":["post-45155","post","type-post","status-publish","format-standard","has-post-thumbnail","hentry","category-barra","category-la-voz-del-pueblo","tag-convivencia-social-y-salud-mental","tag-secretaria-de-salud-de-cucuta"],"_links":{"self":[{"href":"https:\/\/contraluzcucuta.co\/index.php?rest_route=\/wp\/v2\/posts\/45155","targetHints":{"allow":["GET"]}}],"collection":[{"href":"https:\/\/contraluzcucuta.co\/index.php?rest_route=\/wp\/v2\/posts"}],"about":[{"href":"https:\/\/contraluzcucuta.co\/index.php?rest_route=\/wp\/v2\/types\/post"}],"author":[{"embeddable":true,"href":"https:\/\/contraluzcucuta.co\/index.php?rest_route=\/wp\/v2\/users\/1"}],"replies":[{"embeddable":true,"href":"https:\/\/contraluzcucuta.co\/index.php?rest_route=%2Fwp%2Fv2%2Fcomments&post=45155"}],"version-history":[{"count":1,"href":"https:\/\/contraluzcucuta.co\/index.php?rest_route=\/wp\/v2\/posts\/45155\/revisions"}],"predecessor-version":[{"id":45158,"href":"https:\/\/contraluzcucuta.co\/index.php?rest_route=\/wp\/v2\/posts\/45155\/revisions\/45158"}],"wp:featuredmedia":[{"embeddable":true,"href":"https:\/\/contraluzcucuta.co\/index.php?rest_route=\/wp\/v2\/media\/45156"}],"wp:attachment":[{"href":"https:\/\/contraluzcucuta.co\/index.php?rest_route=%2Fwp%2Fv2%2Fmedia&parent=45155"}],"wp:term":[{"taxonomy":"category","embeddable":true,"href":"https:\/\/contraluzcucuta.co\/index.php?rest_route=%2Fwp%2Fv2%2Fcategories&post=45155"},{"taxonomy":"post_tag","embeddable":true,"href":"https:\/\/contraluzcucuta.co\/index.php?rest_route=%2Fwp%2Fv2%2Ftags&post=45155"}],"curies":[{"name":"wp","href":"https:\/\/api.w.org\/{rel}","templated":true}]}}