{"id":45091,"date":"2025-08-07T13:46:21","date_gmt":"2025-08-07T18:46:21","guid":{"rendered":"https:\/\/contraluzcucuta.co\/?p=45091"},"modified":"2025-08-07T13:46:21","modified_gmt":"2025-08-07T18:46:21","slug":"conmemoracion-homenaje-y-reconocimiento-al-ejercito","status":"publish","type":"post","link":"https:\/\/contraluzcucuta.co\/?p=45091","title":{"rendered":"CONMEMORACI\u00d3N. Homenaje y reconocimiento al Ej\u00e9rcito"},"content":{"rendered":"<p style=\"text-align: right;\"><strong>C\u00daCUTA.<\/strong><\/p>\n<p><a href=\"https:\/\/contraluzcucuta.co\/wp-content\/uploads\/2025\/08\/EJERCITO-CONMEMORACION-2.jpg\"><img loading=\"lazy\" decoding=\"async\" class=\"alignnone  wp-image-45093 alignright\" src=\"https:\/\/contraluzcucuta.co\/wp-content\/uploads\/2025\/08\/EJERCITO-CONMEMORACION-2-170x300.jpg\" alt=\"\" width=\"193\" height=\"341\" srcset=\"https:\/\/contraluzcucuta.co\/wp-content\/uploads\/2025\/08\/EJERCITO-CONMEMORACION-2-170x300.jpg 170w, https:\/\/contraluzcucuta.co\/wp-content\/uploads\/2025\/08\/EJERCITO-CONMEMORACION-2-580x1024.jpg 580w, https:\/\/contraluzcucuta.co\/wp-content\/uploads\/2025\/08\/EJERCITO-CONMEMORACION-2-768x1356.jpg 768w, https:\/\/contraluzcucuta.co\/wp-content\/uploads\/2025\/08\/EJERCITO-CONMEMORACION-2-870x1536.jpg 870w, https:\/\/contraluzcucuta.co\/wp-content\/uploads\/2025\/08\/EJERCITO-CONMEMORACION-2-600x1060.jpg 600w, https:\/\/contraluzcucuta.co\/wp-content\/uploads\/2025\/08\/EJERCITO-CONMEMORACION-2.jpg 906w\" sizes=\"auto, (max-width: 193px) 100vw, 193px\" \/><\/a><\/p>\n<p><strong><span style=\"color: #ff9900;\">Hombres y mujeres que con valent\u00eda, disciplina y compromiso protegen la soberan\u00eda y la paz de Colombia fueron exaltados por la Alcald\u00eda en la conmemoraci\u00f3n de los 206 a\u00f1os de la Batalla de Boyac\u00e1 y del aniversario 215 del Ej\u00e9rcito. En acto solemne, se otorgaron condecoraciones a personal militar destacado, como muestra de respeto, admiraci\u00f3n y gratitud por la labor que adelantan.<\/span><\/strong><\/p>\n<p>La secretar\u00eda de Seguridad Ciudadana fortalece las capacidades institucionales de la fuerza p\u00fablica y brinda herramientas f\u00edsicas y tecnol\u00f3gicas que permitan generar mecanismos de prevenci\u00f3n y respuesta en operaciones y procedimientos para combatir la criminalidad.<\/p>\n<p>\u201cEn esta fecha representativa para nuestro pa\u00eds rendimos un homenaje a todos los integrantes del Ej\u00e9rcito\u201d, dijo el secretario Edwin Cardona Escobar. El homenaje se extendi\u00f3 a los miembros de la Brigada 30, Grupo de Caballer\u00eda, Polic\u00eda Militar, Gaula Militar y Fuerzas Especiales. \u201cQueremos rendir honores izando el tricolor nacional, exaltando su valent\u00eda y lucha por hacer de Colombia un mejor pa\u00eds\u201d, manifest\u00f3.<\/p>\n<p>La implementaci\u00f3n de la estrategia C\u00facuta Territorio Seguro ha alcanzado resultados operacionales por parte del Ej\u00e9rcito, en coordinaci\u00f3n con la Polic\u00eda Metropolitana. Se han asestado golpes a bandas dedicadas al tr\u00e1fico de estupefacientes, homicidio y extorsi\u00f3n, entre otros delitos.<\/p>\n","protected":false},"excerpt":{"rendered":"<p>C\u00daCUTA. Hombres y mujeres que con valent\u00eda, disciplina y compromiso protegen la soberan\u00eda y la paz de Colombia fueron exaltados por la Alcald\u00eda en la conmemoraci\u00f3n de los 206 a\u00f1os de la Batalla de Boyac\u00e1 y del aniversario 215 del Ej\u00e9rcito. En acto solemne, se otorgaron condecoraciones a personal militar destacado, como muestra de respeto, &hellip;<\/p>\n","protected":false},"author":1,"featured_media":45092,"comment_status":"open","ping_status":"open","sticky":false,"template":"","format":"standard","meta":{"footnotes":""},"categories":[11,4],"tags":[226,7096,6556,2889],"class_list":["post-45091","post","type-post","status-publish","format-standard","has-post-thumbnail","hentry","category-cronica-roja","category-barra","tag-alcaldia-de-cucuta","tag-batalla-de-boyaca","tag-dia-del-ejercito","tag-secretaria-de-seguridad-ciudadana"],"_links":{"self":[{"href":"https:\/\/contraluzcucuta.co\/index.php?rest_route=\/wp\/v2\/posts\/45091","targetHints":{"allow":["GET"]}}],"collection":[{"href":"https:\/\/contraluzcucuta.co\/index.php?rest_route=\/wp\/v2\/posts"}],"about":[{"href":"https:\/\/contraluzcucuta.co\/index.php?rest_route=\/wp\/v2\/types\/post"}],"author":[{"embeddable":true,"href":"https:\/\/contraluzcucuta.co\/index.php?rest_route=\/wp\/v2\/users\/1"}],"replies":[{"embeddable":true,"href":"https:\/\/contraluzcucuta.co\/index.php?rest_route=%2Fwp%2Fv2%2Fcomments&post=45091"}],"version-history":[{"count":1,"href":"https:\/\/contraluzcucuta.co\/index.php?rest_route=\/wp\/v2\/posts\/45091\/revisions"}],"predecessor-version":[{"id":45094,"href":"https:\/\/contraluzcucuta.co\/index.php?rest_route=\/wp\/v2\/posts\/45091\/revisions\/45094"}],"wp:featuredmedia":[{"embeddable":true,"href":"https:\/\/contraluzcucuta.co\/index.php?rest_route=\/wp\/v2\/media\/45092"}],"wp:attachment":[{"href":"https:\/\/contraluzcucuta.co\/index.php?rest_route=%2Fwp%2Fv2%2Fmedia&parent=45091"}],"wp:term":[{"taxonomy":"category","embeddable":true,"href":"https:\/\/contraluzcucuta.co\/index.php?rest_route=%2Fwp%2Fv2%2Fcategories&post=45091"},{"taxonomy":"post_tag","embeddable":true,"href":"https:\/\/contraluzcucuta.co\/index.php?rest_route=%2Fwp%2Fv2%2Ftags&post=45091"}],"curies":[{"name":"wp","href":"https:\/\/api.w.org\/{rel}","templated":true}]}}