{"id":45087,"date":"2025-08-06T18:41:54","date_gmt":"2025-08-06T23:41:54","guid":{"rendered":"https:\/\/contraluzcucuta.co\/?p=45087"},"modified":"2025-08-06T18:41:54","modified_gmt":"2025-08-06T23:41:54","slug":"mega-colegio-en-los-patios-diseno-moderno-y-26-aulas-de-clase","status":"publish","type":"post","link":"https:\/\/contraluzcucuta.co\/?p=45087","title":{"rendered":"MEGA COLEGIO EN LOS PATIOS. Dise\u00f1o moderno y 26 aulas de clase"},"content":{"rendered":"<p style=\"text-align: right;\"><strong>LOS PATIOS \u2013 Norte de Santander<\/strong><\/p>\n<p><strong><span style=\"color: #ff9900;\">Sesenta obreros trabajan en la construcci\u00f3n del colegio en Los Patios. La obra cuenta con 44 por ciento de ejecuci\u00f3n y beneficiar\u00e1 a 960 estudiantes por jornada, para proporcionar un espacio adecuado para la formaci\u00f3n.<\/span><\/strong><\/p>\n<p><a href=\"https:\/\/contraluzcucuta.co\/wp-content\/uploads\/2025\/08\/LOS-PATIOS-MEGA-COLEGIO-1.jpeg\"><img loading=\"lazy\" decoding=\"async\" class=\"alignnone  wp-image-45088 alignleft\" src=\"https:\/\/contraluzcucuta.co\/wp-content\/uploads\/2025\/08\/LOS-PATIOS-MEGA-COLEGIO-1-300x225.jpeg\" alt=\"\" width=\"247\" height=\"185\" srcset=\"https:\/\/contraluzcucuta.co\/wp-content\/uploads\/2025\/08\/LOS-PATIOS-MEGA-COLEGIO-1-300x225.jpeg 300w, https:\/\/contraluzcucuta.co\/wp-content\/uploads\/2025\/08\/LOS-PATIOS-MEGA-COLEGIO-1-1024x768.jpeg 1024w, https:\/\/contraluzcucuta.co\/wp-content\/uploads\/2025\/08\/LOS-PATIOS-MEGA-COLEGIO-1-768x576.jpeg 768w, https:\/\/contraluzcucuta.co\/wp-content\/uploads\/2025\/08\/LOS-PATIOS-MEGA-COLEGIO-1-1536x1152.jpeg 1536w, https:\/\/contraluzcucuta.co\/wp-content\/uploads\/2025\/08\/LOS-PATIOS-MEGA-COLEGIO-1-2048x1536.jpeg 2048w, https:\/\/contraluzcucuta.co\/wp-content\/uploads\/2025\/08\/LOS-PATIOS-MEGA-COLEGIO-1-600x450.jpeg 600w\" sizes=\"auto, (max-width: 247px) 100vw, 247px\" \/><\/a><\/p>\n<p>La secretaria de Educaci\u00f3n, Laura C\u00e1ceres, visit\u00f3 la edificaci\u00f3n que se lleva a cabo en el sector Tasajero, y que tiene como proyecci\u00f3n la finalizaci\u00f3n en diciembre.<\/p>\n<p>El proyecto tiene:<\/p>\n<ul>\n<li>Dise\u00f1o moderno. Conforme a la norma t\u00e9cnica de educaci\u00f3n<\/li>\n<li>Contempla 26 aulas de clase. Cuatro para preescolar, 10 para b\u00e1sica primaria y 12 para secundaria.<\/li>\n<li>Biblioteca<\/li>\n<li>\u00c1rea administrativa<\/li>\n<li>Sala de maestros<\/li>\n<li>Dos canchas m\u00faltiples<\/li>\n<li>Bater\u00edas sanitarias.<\/li>\n<\/ul>\n<p>Se espera que los estudiantes de la I.E. Fe y Alegr\u00eda cuenten con infraestructura propia, tras varios a\u00f1os de estudios en sedes alquiladas por la administraci\u00f3n departamental.<\/p>\n<p><strong>Andrea Pinto Sierra &#8211; @GoberNorte<\/strong><\/p>\n","protected":false},"excerpt":{"rendered":"<p>LOS PATIOS \u2013 Norte de Santander Sesenta obreros trabajan en la construcci\u00f3n del colegio en Los Patios. La obra cuenta con 44 por ciento de ejecuci\u00f3n y beneficiar\u00e1 a 960 estudiantes por jornada, para proporcionar un espacio adecuado para la formaci\u00f3n. La secretaria de Educaci\u00f3n, Laura C\u00e1ceres, visit\u00f3 la edificaci\u00f3n que se lleva a cabo &hellip;<\/p>\n","protected":false},"author":1,"featured_media":45089,"comment_status":"open","ping_status":"open","sticky":false,"template":"","format":"standard","meta":{"footnotes":""},"categories":[4,6],"tags":[1352,2861],"class_list":["post-45087","post","type-post","status-publish","format-standard","has-post-thumbnail","hentry","category-barra","category-ojo-avizor","tag-colegio-fe-y-alegria","tag-secretaria-de-educacion"],"_links":{"self":[{"href":"https:\/\/contraluzcucuta.co\/index.php?rest_route=\/wp\/v2\/posts\/45087","targetHints":{"allow":["GET"]}}],"collection":[{"href":"https:\/\/contraluzcucuta.co\/index.php?rest_route=\/wp\/v2\/posts"}],"about":[{"href":"https:\/\/contraluzcucuta.co\/index.php?rest_route=\/wp\/v2\/types\/post"}],"author":[{"embeddable":true,"href":"https:\/\/contraluzcucuta.co\/index.php?rest_route=\/wp\/v2\/users\/1"}],"replies":[{"embeddable":true,"href":"https:\/\/contraluzcucuta.co\/index.php?rest_route=%2Fwp%2Fv2%2Fcomments&post=45087"}],"version-history":[{"count":1,"href":"https:\/\/contraluzcucuta.co\/index.php?rest_route=\/wp\/v2\/posts\/45087\/revisions"}],"predecessor-version":[{"id":45090,"href":"https:\/\/contraluzcucuta.co\/index.php?rest_route=\/wp\/v2\/posts\/45087\/revisions\/45090"}],"wp:featuredmedia":[{"embeddable":true,"href":"https:\/\/contraluzcucuta.co\/index.php?rest_route=\/wp\/v2\/media\/45089"}],"wp:attachment":[{"href":"https:\/\/contraluzcucuta.co\/index.php?rest_route=%2Fwp%2Fv2%2Fmedia&parent=45087"}],"wp:term":[{"taxonomy":"category","embeddable":true,"href":"https:\/\/contraluzcucuta.co\/index.php?rest_route=%2Fwp%2Fv2%2Fcategories&post=45087"},{"taxonomy":"post_tag","embeddable":true,"href":"https:\/\/contraluzcucuta.co\/index.php?rest_route=%2Fwp%2Fv2%2Ftags&post=45087"}],"curies":[{"name":"wp","href":"https:\/\/api.w.org\/{rel}","templated":true}]}}