{"id":45063,"date":"2025-08-04T19:17:07","date_gmt":"2025-08-05T00:17:07","guid":{"rendered":"https:\/\/contraluzcucuta.co\/?p=45063"},"modified":"2025-08-04T19:17:07","modified_gmt":"2025-08-05T00:17:07","slug":"gobernador-en-bochalema-nueva-plaza-de-mercado-rediseno-del-parque-y-ptar","status":"publish","type":"post","link":"https:\/\/contraluzcucuta.co\/?p=45063","title":{"rendered":"GOBERNADOR EN BOCHALEMA. Nueva plaza de mercado, redise\u00f1o del parque y PTAR"},"content":{"rendered":"<p style=\"text-align: right;\"><strong>BOCHALEMA \u2013 Norte de Santander<\/strong><\/p>\n<p><strong><span style=\"color: #ff9900;\">Los bochalemenses tienen nueva plaza de mercado. La obra emblem\u00e1tica impactar\u00e1 en la econom\u00eda local, la organizaci\u00f3n comercial y el impulso tur\u00edstico del municipio. El gobernador de Norte de Santander, William Villamizar, encabez\u00f3 la entrega de la infraestructura, que cuenta con 30 locales distribuidos interiores y exteriores; segundo piso para locales de comidas y condiciones dignas, higi\u00e9nicas y funcionales para vendedores y compradores.<\/span><\/strong><\/p>\n<p><a href=\"https:\/\/contraluzcucuta.co\/wp-content\/uploads\/2025\/08\/BOCHALEMA-PLAZA-DE-MERCADO-1-scaled.jpg\"><img loading=\"lazy\" decoding=\"async\" class=\"alignnone  wp-image-45065 alignright\" src=\"https:\/\/contraluzcucuta.co\/wp-content\/uploads\/2025\/08\/BOCHALEMA-PLAZA-DE-MERCADO-1-300x200.jpg\" alt=\"\" width=\"245\" height=\"163\" srcset=\"https:\/\/contraluzcucuta.co\/wp-content\/uploads\/2025\/08\/BOCHALEMA-PLAZA-DE-MERCADO-1-300x200.jpg 300w, https:\/\/contraluzcucuta.co\/wp-content\/uploads\/2025\/08\/BOCHALEMA-PLAZA-DE-MERCADO-1-1024x683.jpg 1024w, https:\/\/contraluzcucuta.co\/wp-content\/uploads\/2025\/08\/BOCHALEMA-PLAZA-DE-MERCADO-1-768x512.jpg 768w, https:\/\/contraluzcucuta.co\/wp-content\/uploads\/2025\/08\/BOCHALEMA-PLAZA-DE-MERCADO-1-1536x1024.jpg 1536w, https:\/\/contraluzcucuta.co\/wp-content\/uploads\/2025\/08\/BOCHALEMA-PLAZA-DE-MERCADO-1-2048x1366.jpg 2048w, https:\/\/contraluzcucuta.co\/wp-content\/uploads\/2025\/08\/BOCHALEMA-PLAZA-DE-MERCADO-1-310x205.jpg 310w, https:\/\/contraluzcucuta.co\/wp-content\/uploads\/2025\/08\/BOCHALEMA-PLAZA-DE-MERCADO-1-600x400.jpg 600w\" sizes=\"auto, (max-width: 245px) 100vw, 245px\" \/><\/a><\/p>\n<p>La inversi\u00f3n alcanza los $ 4000 millones. Los recursos fueron gestionados en las administraciones de Silvano Serrano y William Villamizar.\u00a0El recinto, de 1161 metros cuadrado, contiene bater\u00edas sanitarias para hombres, mujeres y personas con discapacidad, oficinas administrativas, cuarto de m\u00e1quinas y ba\u00f1o familiar con accesibilidad universal.<\/p>\n<p>Villamizar Laguado anunci\u00f3 la intervenci\u00f3n integral del parque principal. La propuesta arquitect\u00f3nica moderna, ecol\u00f3gica e incluyente, busca articular los tejidos social, patrimonial y cultural de Bochalema.<\/p>\n<p>El redise\u00f1o del parque, de 7511 metros cuadrados, contempla m\u00e1s de 3900 metros cuadrados de zonas verdes, y plazoletas tem\u00e1ticas del Sam\u00e1n, del Pensamiento, de Banderas y Parroquial. Adem\u00e1s, juegos infantiles, teatro urbano, bustos conmemorativos, obelisco del Paso del Libertador, y escenario para actividades culturales al aire libre.<\/p>\n<p>La obra apunta a revitalizar el centro hist\u00f3rico y a convertirlo en espacio de encuentro ciudadano.<\/p>\n<p><a href=\"https:\/\/contraluzcucuta.co\/wp-content\/uploads\/2025\/08\/BOCHALEMA-PLAZA-DE-MERCADO-4-scaled.jpg\"><img loading=\"lazy\" decoding=\"async\" class=\"alignnone  wp-image-45066 alignleft\" src=\"https:\/\/contraluzcucuta.co\/wp-content\/uploads\/2025\/08\/BOCHALEMA-PLAZA-DE-MERCADO-4-300x200.jpg\" alt=\"\" width=\"242\" height=\"161\" srcset=\"https:\/\/contraluzcucuta.co\/wp-content\/uploads\/2025\/08\/BOCHALEMA-PLAZA-DE-MERCADO-4-300x200.jpg 300w, https:\/\/contraluzcucuta.co\/wp-content\/uploads\/2025\/08\/BOCHALEMA-PLAZA-DE-MERCADO-4-1024x683.jpg 1024w, https:\/\/contraluzcucuta.co\/wp-content\/uploads\/2025\/08\/BOCHALEMA-PLAZA-DE-MERCADO-4-768x512.jpg 768w, https:\/\/contraluzcucuta.co\/wp-content\/uploads\/2025\/08\/BOCHALEMA-PLAZA-DE-MERCADO-4-1536x1024.jpg 1536w, https:\/\/contraluzcucuta.co\/wp-content\/uploads\/2025\/08\/BOCHALEMA-PLAZA-DE-MERCADO-4-2048x1366.jpg 2048w, https:\/\/contraluzcucuta.co\/wp-content\/uploads\/2025\/08\/BOCHALEMA-PLAZA-DE-MERCADO-4-310x205.jpg 310w, https:\/\/contraluzcucuta.co\/wp-content\/uploads\/2025\/08\/BOCHALEMA-PLAZA-DE-MERCADO-4-600x400.jpg 600w\" sizes=\"auto, (max-width: 242px) 100vw, 242px\" \/><\/a><\/p>\n<p>Otro anuncio clave fue la construcci\u00f3n de la Planta de Tratamiento de Aguas Residuales (PTAR) del municipio. El proyecto, que se desarrollar\u00e1 cerca al matadero municipal, beneficiar\u00e1 a la cabecera urbana y contempla la instalaci\u00f3n de redes de alcantarillado, el desarrollo de procesos de tratamiento primario, biol\u00f3gico y desinfecci\u00f3n, lechos de secado, caseta de operaciones y cerramiento del lote. El \u00e1rea es de 2951 metros cuadrados.<\/p>\n<p>El gobernador William Villamizar oficializ\u00f3 el proceso de cesi\u00f3n de la Plaza de Toros al municipio. El predio, de 12.000 metros cuadrados, est\u00e1 en el barrio Nasa, pertenece al departamento y se encuentra libre de grav\u00e1menes. Este espacio ser\u00e1 destinado por la Alcald\u00eda para el desarrollo de proyectos estrat\u00e9gicos y de impacto social para la comunidad.<\/p>\n<p>La jornada culmin\u00f3 en el corregimiento de La Donjuana, donde anuncio la construcci\u00f3n de la nueva cancha sint\u00e9tica para fortalecer el deporte, la recreaci\u00f3n y el uso adecuado del tiempo libre entre j\u00f3venes y familias.<\/p>\n<p>El proyecto contempla:<\/p>\n<ul>\n<li>Adecuaci\u00f3n del campo deportivo<\/li>\n<li>Instalaci\u00f3n de grama sint\u00e9tica<\/li>\n<li>Mejoramiento de grader\u00edas con cubierta<\/li>\n<li>Construcci\u00f3n de camerinos deportivos y ba\u00f1os p\u00fablicos<\/li>\n<li>Implementaci\u00f3n de iluminaci\u00f3n para garantizar el uso nocturno del espacio.<\/li>\n<li>Adecuaci\u00f3n de zonas verdes<\/li>\n<li>Instalaci\u00f3n de estructuras de drenaje que favorecen el mantenimiento del terreno.<\/li>\n<\/ul>\n<p>El complejo beneficiar\u00e1 a 1272 habitantes del corregimiento, que contar\u00e1n con espacio moderno, seguro y digno para la pr\u00e1ctica del deporte y el esparcimiento.<\/p>\n<p><strong>Luis Tob\u00f3n &#8211; @GoberNorte<\/strong><\/p>\n","protected":false},"excerpt":{"rendered":"<p>BOCHALEMA \u2013 Norte de Santander Los bochalemenses tienen nueva plaza de mercado. La obra emblem\u00e1tica impactar\u00e1 en la econom\u00eda local, la organizaci\u00f3n comercial y el impulso tur\u00edstico del municipio. El gobernador de Norte de Santander, William Villamizar, encabez\u00f3 la entrega de la infraestructura, que cuenta con 30 locales distribuidos interiores y exteriores; segundo piso para &hellip;<\/p>\n","protected":false},"author":1,"featured_media":45064,"comment_status":"open","ping_status":"open","sticky":false,"template":"","format":"standard","meta":{"footnotes":""},"categories":[4,32],"tags":[6926,444,1370],"class_list":["post-45063","post","type-post","status-publish","format-standard","has-post-thumbnail","hentry","category-barra","category-recorrido-por-la-region","tag-gobernorte","tag-bochalema","tag-gobernador-de-norte-de-santander"],"_links":{"self":[{"href":"https:\/\/contraluzcucuta.co\/index.php?rest_route=\/wp\/v2\/posts\/45063","targetHints":{"allow":["GET"]}}],"collection":[{"href":"https:\/\/contraluzcucuta.co\/index.php?rest_route=\/wp\/v2\/posts"}],"about":[{"href":"https:\/\/contraluzcucuta.co\/index.php?rest_route=\/wp\/v2\/types\/post"}],"author":[{"embeddable":true,"href":"https:\/\/contraluzcucuta.co\/index.php?rest_route=\/wp\/v2\/users\/1"}],"replies":[{"embeddable":true,"href":"https:\/\/contraluzcucuta.co\/index.php?rest_route=%2Fwp%2Fv2%2Fcomments&post=45063"}],"version-history":[{"count":1,"href":"https:\/\/contraluzcucuta.co\/index.php?rest_route=\/wp\/v2\/posts\/45063\/revisions"}],"predecessor-version":[{"id":45067,"href":"https:\/\/contraluzcucuta.co\/index.php?rest_route=\/wp\/v2\/posts\/45063\/revisions\/45067"}],"wp:featuredmedia":[{"embeddable":true,"href":"https:\/\/contraluzcucuta.co\/index.php?rest_route=\/wp\/v2\/media\/45064"}],"wp:attachment":[{"href":"https:\/\/contraluzcucuta.co\/index.php?rest_route=%2Fwp%2Fv2%2Fmedia&parent=45063"}],"wp:term":[{"taxonomy":"category","embeddable":true,"href":"https:\/\/contraluzcucuta.co\/index.php?rest_route=%2Fwp%2Fv2%2Fcategories&post=45063"},{"taxonomy":"post_tag","embeddable":true,"href":"https:\/\/contraluzcucuta.co\/index.php?rest_route=%2Fwp%2Fv2%2Ftags&post=45063"}],"curies":[{"name":"wp","href":"https:\/\/api.w.org\/{rel}","templated":true}]}}