{"id":45034,"date":"2025-07-29T10:11:26","date_gmt":"2025-07-29T15:11:26","guid":{"rendered":"https:\/\/contraluzcucuta.co\/?p=45034"},"modified":"2025-07-29T10:11:26","modified_gmt":"2025-07-29T15:11:26","slug":"trata-de-personas-gobernacion-lidera-foro-para-enfrentar-el-delito-en-norte-de-santander","status":"publish","type":"post","link":"https:\/\/contraluzcucuta.co\/?p=45034","title":{"rendered":"TRATA DE PERSONAS. Gobernaci\u00f3n lidera foro para enfrentar el delito en Norte de Santander"},"content":{"rendered":"<p style=\"text-align: right;\"><strong>C\u00daCUTA.<\/strong><\/p>\n<p><strong><span style=\"color: #ff9900;\">La secretar\u00eda de Gobierno de Norte de Santander organiza el foro Prevenci\u00f3n de la trata de personas: Desaf\u00edos territoriales y compromisos ciudadanos. La actividad tendr\u00e1 apoyo del Centro de Investigaci\u00f3n en Estudios Fronterizos (CIEF) de la Universidad Sim\u00f3n Bol\u00edvar<\/span><\/strong><strong><span style=\"color: #ff9900;\">\u00a0y se llevar\u00e1 a cabo el 31 de julio, de 8:00 a 11:00 de la ma\u00f1ana, en el Club Tenis.<\/span><\/strong><\/p>\n<p><a href=\"https:\/\/contraluzcucuta.co\/wp-content\/uploads\/2025\/07\/TRATA-DE-PERSONAS-8.jpeg\"><img loading=\"lazy\" decoding=\"async\" class=\"alignnone  wp-image-45037 alignleft\" src=\"https:\/\/contraluzcucuta.co\/wp-content\/uploads\/2025\/07\/TRATA-DE-PERSONAS-8-300x276.jpeg\" alt=\"\" width=\"247\" height=\"227\" srcset=\"https:\/\/contraluzcucuta.co\/wp-content\/uploads\/2025\/07\/TRATA-DE-PERSONAS-8-300x276.jpeg 300w, https:\/\/contraluzcucuta.co\/wp-content\/uploads\/2025\/07\/TRATA-DE-PERSONAS-8-1024x943.jpeg 1024w, https:\/\/contraluzcucuta.co\/wp-content\/uploads\/2025\/07\/TRATA-DE-PERSONAS-8-768x708.jpeg 768w, https:\/\/contraluzcucuta.co\/wp-content\/uploads\/2025\/07\/TRATA-DE-PERSONAS-8-600x553.jpeg 600w, https:\/\/contraluzcucuta.co\/wp-content\/uploads\/2025\/07\/TRATA-DE-PERSONAS-8.jpeg 1080w\" sizes=\"auto, (max-width: 247px) 100vw, 247px\" \/><\/a><\/p>\n<p>De esta manera, la Gobernaci\u00f3n de Norte de Santander se une a la conmemoraci\u00f3n del D\u00eda Mundial contra la Trata de Personas. \u201cEl objetivo es visibilizar los retos territoriales y fortalecer el papel de los actores en la prevenci\u00f3n, protecci\u00f3n y acompa\u00f1amiento a las v\u00edctimas\u201d, dijo la secretaria de Gobierno, Marta Ar\u00e9valo.<\/p>\n<p>El encuentro se desarrollar\u00e1 mediante el ejercicio participativo distribuido en cuatro mesas tem\u00e1ticas, en las que se debatir\u00e1n e identificar\u00e1n riesgos, propuestas de prevenci\u00f3n y acciones ciudadanas frente a las finalidades de la trata de personas.<\/p>\n<p>En julio, se han adelantado charlas, ferias y encuentros en instituciones educativas, asociaciones y gremios comerciales, hoteleros y transportadores. El objetivo es generar espacios de reflexi\u00f3n y aprendizaje que permitan identificar se\u00f1ales de alerta, conocer los canales de ayuda disponibles y comprender la importancia de erradicar la indiferencia frente a este delito.<\/p>\n<p>La Secretar\u00eda de Gobierno ha apoyado a las administraciones municipales en la creaci\u00f3n y el fortalecimiento de comit\u00e9s de lucha contra la trata de personas. Se cuenta con 24 comit\u00e9s formalizados mediante resoluci\u00f3n y 26 activos, que permiten visibilizar el delito y atender los casos que ocurran en el departamento.<\/p>\n<p>Paola Corzo &#8211; @GoberNorte<\/p>\n","protected":false},"excerpt":{"rendered":"<p>C\u00daCUTA. La secretar\u00eda de Gobierno de Norte de Santander organiza el foro Prevenci\u00f3n de la trata de personas: Desaf\u00edos territoriales y compromisos ciudadanos. La actividad tendr\u00e1 apoyo del Centro de Investigaci\u00f3n en Estudios Fronterizos (CIEF) de la Universidad Sim\u00f3n Bol\u00edvar\u00a0y se llevar\u00e1 a cabo el 31 de julio, de 8:00 a 11:00 de la ma\u00f1ana, &hellip;<\/p>\n","protected":false},"author":1,"featured_media":45036,"comment_status":"open","ping_status":"open","sticky":false,"template":"","format":"standard","meta":{"footnotes":""},"categories":[11,4],"tags":[7088,7026,4615,2198],"class_list":["post-45034","post","type-post","status-publish","format-standard","has-post-thumbnail","hentry","category-cronica-roja","category-barra","tag-centro-de-investigacion-en-estudios-fronterizos","tag-secretaria-de-gobierno-de-norte-de-santander","tag-trata-de-personas","tag-universidad-simon-bolivar-de-cucuta"],"_links":{"self":[{"href":"https:\/\/contraluzcucuta.co\/index.php?rest_route=\/wp\/v2\/posts\/45034","targetHints":{"allow":["GET"]}}],"collection":[{"href":"https:\/\/contraluzcucuta.co\/index.php?rest_route=\/wp\/v2\/posts"}],"about":[{"href":"https:\/\/contraluzcucuta.co\/index.php?rest_route=\/wp\/v2\/types\/post"}],"author":[{"embeddable":true,"href":"https:\/\/contraluzcucuta.co\/index.php?rest_route=\/wp\/v2\/users\/1"}],"replies":[{"embeddable":true,"href":"https:\/\/contraluzcucuta.co\/index.php?rest_route=%2Fwp%2Fv2%2Fcomments&post=45034"}],"version-history":[{"count":1,"href":"https:\/\/contraluzcucuta.co\/index.php?rest_route=\/wp\/v2\/posts\/45034\/revisions"}],"predecessor-version":[{"id":45038,"href":"https:\/\/contraluzcucuta.co\/index.php?rest_route=\/wp\/v2\/posts\/45034\/revisions\/45038"}],"wp:featuredmedia":[{"embeddable":true,"href":"https:\/\/contraluzcucuta.co\/index.php?rest_route=\/wp\/v2\/media\/45036"}],"wp:attachment":[{"href":"https:\/\/contraluzcucuta.co\/index.php?rest_route=%2Fwp%2Fv2%2Fmedia&parent=45034"}],"wp:term":[{"taxonomy":"category","embeddable":true,"href":"https:\/\/contraluzcucuta.co\/index.php?rest_route=%2Fwp%2Fv2%2Fcategories&post=45034"},{"taxonomy":"post_tag","embeddable":true,"href":"https:\/\/contraluzcucuta.co\/index.php?rest_route=%2Fwp%2Fv2%2Ftags&post=45034"}],"curies":[{"name":"wp","href":"https:\/\/api.w.org\/{rel}","templated":true}]}}