{"id":45030,"date":"2025-07-29T09:41:31","date_gmt":"2025-07-29T14:41:31","guid":{"rendered":"https:\/\/contraluzcucuta.co\/?p=45030"},"modified":"2025-07-29T09:41:31","modified_gmt":"2025-07-29T14:41:31","slug":"maraton-de-lectura-ninos-y-adolescentes-escritores-por-un-dia","status":"publish","type":"post","link":"https:\/\/contraluzcucuta.co\/?p=45030","title":{"rendered":"MARAT\u00d3N DE LECTURA. Ni\u00f1os y adolescentes, escritores por un d\u00eda"},"content":{"rendered":"<p style=\"text-align: right;\"><strong>C\u00daCUTA.<\/strong><\/p>\n<p><strong><span style=\"color: #ff9900;\">La Red Municipal de Lectura y Escritura, liderada por la Secretar\u00eda de Cultura y Patrimonio, promueve el encuentro de ni\u00f1os y j\u00f3venes con la palabra escrita, mediante espacios din\u00e1micos, creativos y participativos. Las actividades Escritores por un d\u00eda y Marat\u00f3n de Lectura, se tomaron los barrios de la ciudad para permitir que los j\u00f3venes descubrieran que leer y escribir es una manera de jugar, imaginar, crear y expresar lo que sienten.<\/span><\/strong><\/p>\n<p><a href=\"https:\/\/contraluzcucuta.co\/wp-content\/uploads\/2025\/07\/ESCRITORES-POR-UN-DIA-1.jpg\"><img loading=\"lazy\" decoding=\"async\" class=\"alignnone  wp-image-45031 alignleft\" src=\"https:\/\/contraluzcucuta.co\/wp-content\/uploads\/2025\/07\/ESCRITORES-POR-UN-DIA-1-300x225.jpg\" alt=\"\" width=\"251\" height=\"188\" srcset=\"https:\/\/contraluzcucuta.co\/wp-content\/uploads\/2025\/07\/ESCRITORES-POR-UN-DIA-1-300x225.jpg 300w, https:\/\/contraluzcucuta.co\/wp-content\/uploads\/2025\/07\/ESCRITORES-POR-UN-DIA-1-1024x768.jpg 1024w, https:\/\/contraluzcucuta.co\/wp-content\/uploads\/2025\/07\/ESCRITORES-POR-UN-DIA-1-768x576.jpg 768w, https:\/\/contraluzcucuta.co\/wp-content\/uploads\/2025\/07\/ESCRITORES-POR-UN-DIA-1-600x450.jpg 600w, https:\/\/contraluzcucuta.co\/wp-content\/uploads\/2025\/07\/ESCRITORES-POR-UN-DIA-1.jpg 1280w\" sizes=\"auto, (max-width: 251px) 100vw, 251px\" \/><\/a><\/p>\n<p>Ni\u00f1os y adolescentes fueron invitados a dejar volar la imaginaci\u00f3n para convertirse en autores de cuentos, poemas, c\u00f3mics, cartas y manifiestos. Acompa\u00f1ados por promotores de lectura y orientadores, escribieron por primera vez una historia completa. Algunas narraciones surgieron del entorno; otras, de recuerdos familiares o personajes inventados, y dieron vida a textos espont\u00e1neos, valientes y aut\u00e9nticos.<\/p>\n<p>La Marat\u00f3n de Lectura llen\u00f3 espacios de voz, emoci\u00f3n y entusiasmo. Ni\u00f1os de primera infancia hasta adolescentes compartieron lecturas en voz alta, exploraron g\u00e9neros, la fantas\u00eda, el cuento tradicional, el terror, la cr\u00f3nica y la poes\u00eda. M\u00e1s de 50 participantes se sumaron a esta fiesta del libro y celebraron la lectura como acto colectivo de libertad, escucha y creatividad.<\/p>\n<p>\u201cLa lectura no debe sentirse como obligaci\u00f3n sino como aventura\u201d, Nadim Bayona P\u00e9rez, secretario de Cultura y Patrimonio. Los ni\u00f1os pueden inventar, imaginar, leer con otros y reconocerse en las historias. \u201cEso tambi\u00e9n es formar lectores: despertar la emoci\u00f3n por las palabras\u201d, expres\u00f3.<\/p>\n<p>Estas actividades estimularon las habilidades comunicativas y creativas de los participantes y permitieron fortalecer la autoestima, la expresi\u00f3n emocional y la conexi\u00f3n con el entorno. En bibliotecas los escritos fueron le\u00eddos p\u00fablicamente, ilustrados o expuestos como parte de la muestra comunitaria.<\/p>\n<p>La Red Municipal impulsa procesos en los que la lectura y la escritura sean herramientas de transformaci\u00f3n social, encuentro comunitario y empoderamiento juvenil.<\/p>\n","protected":false},"excerpt":{"rendered":"<p>C\u00daCUTA. La Red Municipal de Lectura y Escritura, liderada por la Secretar\u00eda de Cultura y Patrimonio, promueve el encuentro de ni\u00f1os y j\u00f3venes con la palabra escrita, mediante espacios din\u00e1micos, creativos y participativos. Las actividades Escritores por un d\u00eda y Marat\u00f3n de Lectura, se tomaron los barrios de la ciudad para permitir que los j\u00f3venes &hellip;<\/p>\n","protected":false},"author":1,"featured_media":45032,"comment_status":"open","ping_status":"open","sticky":false,"template":"","format":"standard","meta":{"footnotes":""},"categories":[4,37],"tags":[7086,7087,2429,7064],"class_list":["post-45030","post","type-post","status-publish","format-standard","has-post-thumbnail","hentry","category-barra","category-paseo-cultural","tag-escritores-por-un-dia","tag-maraton-de-lectura","tag-red-municipal-de-lectura","tag-secretaria-de-cultura-y-patrimonio"],"_links":{"self":[{"href":"https:\/\/contraluzcucuta.co\/index.php?rest_route=\/wp\/v2\/posts\/45030","targetHints":{"allow":["GET"]}}],"collection":[{"href":"https:\/\/contraluzcucuta.co\/index.php?rest_route=\/wp\/v2\/posts"}],"about":[{"href":"https:\/\/contraluzcucuta.co\/index.php?rest_route=\/wp\/v2\/types\/post"}],"author":[{"embeddable":true,"href":"https:\/\/contraluzcucuta.co\/index.php?rest_route=\/wp\/v2\/users\/1"}],"replies":[{"embeddable":true,"href":"https:\/\/contraluzcucuta.co\/index.php?rest_route=%2Fwp%2Fv2%2Fcomments&post=45030"}],"version-history":[{"count":1,"href":"https:\/\/contraluzcucuta.co\/index.php?rest_route=\/wp\/v2\/posts\/45030\/revisions"}],"predecessor-version":[{"id":45033,"href":"https:\/\/contraluzcucuta.co\/index.php?rest_route=\/wp\/v2\/posts\/45030\/revisions\/45033"}],"wp:featuredmedia":[{"embeddable":true,"href":"https:\/\/contraluzcucuta.co\/index.php?rest_route=\/wp\/v2\/media\/45032"}],"wp:attachment":[{"href":"https:\/\/contraluzcucuta.co\/index.php?rest_route=%2Fwp%2Fv2%2Fmedia&parent=45030"}],"wp:term":[{"taxonomy":"category","embeddable":true,"href":"https:\/\/contraluzcucuta.co\/index.php?rest_route=%2Fwp%2Fv2%2Fcategories&post=45030"},{"taxonomy":"post_tag","embeddable":true,"href":"https:\/\/contraluzcucuta.co\/index.php?rest_route=%2Fwp%2Fv2%2Ftags&post=45030"}],"curies":[{"name":"wp","href":"https:\/\/api.w.org\/{rel}","templated":true}]}}