{"id":44987,"date":"2025-07-23T16:34:24","date_gmt":"2025-07-23T21:34:24","guid":{"rendered":"https:\/\/contraluzcucuta.co\/?p=44987"},"modified":"2025-07-23T16:34:24","modified_gmt":"2025-07-23T21:34:24","slug":"ferias-de-cucuta-170-vendedores-informales-comercializaran-sus-productos","status":"publish","type":"post","link":"https:\/\/contraluzcucuta.co\/?p=44987","title":{"rendered":"FERIAS DE C\u00daCUTA. 170 vendedores informales comercializar\u00e1n sus productos"},"content":{"rendered":"<p style=\"text-align: right;\"><strong>C\u00daCUTA.<\/strong><\/p>\n<p><strong><span style=\"color: #ff9900;\">La Secretar\u00eda de Gobierno entreg\u00f3 escarapelas a 170 vendedores informales para ejercer la actividad de manera ordenada en El Malec\u00f3n y la Plaza de Banderas. De esta manera, la administraci\u00f3n municipal fortalece la econom\u00eda popular. El objetivo es organizar el uso del espacio p\u00fablico durante los eventos masivos de las Ferias de C\u00facuta 2025.<\/span><\/strong><\/p>\n<p style=\"text-align: center;\">\u00a0<a href=\"https:\/\/contraluzcucuta.co\/wp-content\/uploads\/2025\/07\/FERIAS-DE-CUCUTA-VENDEDORES-1-1.jpg\"><img loading=\"lazy\" decoding=\"async\" class=\"alignnone  wp-image-44990\" src=\"https:\/\/contraluzcucuta.co\/wp-content\/uploads\/2025\/07\/FERIAS-DE-CUCUTA-VENDEDORES-1-1-300x153.jpg\" alt=\"\" width=\"255\" height=\"130\" srcset=\"https:\/\/contraluzcucuta.co\/wp-content\/uploads\/2025\/07\/FERIAS-DE-CUCUTA-VENDEDORES-1-1-300x153.jpg 300w, https:\/\/contraluzcucuta.co\/wp-content\/uploads\/2025\/07\/FERIAS-DE-CUCUTA-VENDEDORES-1-1-600x306.jpg 600w, https:\/\/contraluzcucuta.co\/wp-content\/uploads\/2025\/07\/FERIAS-DE-CUCUTA-VENDEDORES-1-1-1024x522.jpg 1024w, https:\/\/contraluzcucuta.co\/wp-content\/uploads\/2025\/07\/FERIAS-DE-CUCUTA-VENDEDORES-1-1-768x392.jpg 768w, https:\/\/contraluzcucuta.co\/wp-content\/uploads\/2025\/07\/FERIAS-DE-CUCUTA-VENDEDORES-1-1.jpg 1274w\" sizes=\"auto, (max-width: 255px) 100vw, 255px\" \/><\/a><\/p>\n<p>\u201cQueremos que les vaya bien, que vendan dos o tres veces m\u00e1s de lo que venden diariamente\u201d, les dijo Miguel Castellanos, secretario de Gobierno. Advirti\u00f3 que en ning\u00fan momento persiguen a los informales. \u201cLo \u00fanico que queremos es organizarlos, potencializar la comercializaci\u00f3n de sus productos y vender la mejor imagen de la ciudad\u201d.<\/p>\n<p>La estrategia es la apuesta por:<\/p>\n<ul>\n<li>Dignificar la labor del comercio informal<\/li>\n<li>Reactivar la econom\u00eda local<\/li>\n<li>Organizar el uso del espacio p\u00fablico<\/li>\n<li>Generar escenarios de comercializaci\u00f3n de manera segura.<\/li>\n<\/ul>\n<p>Los vendedores recibieron, por parte de la secretar\u00eda de Salud, orientaciones sobre los protocolos de bioseguridad que deben seguir para el expendio de comestibles y bebidas en los desfiles de carros, motos y bicicletas antiguas, y carrozas y comparsas, y conciertos.<\/p>\n<p>La secretar\u00eda de Salud adelant\u00f3 la caracterizaci\u00f3n de los trabajadores informales para que con autorizaci\u00f3n de la Alcald\u00eda comercialicen productos alimenticios en los espacios masivos de las ferias. Tendr\u00e1n carn\u00e9 y un bot\u00f3n de identificaci\u00f3n.<\/p>\n","protected":false},"excerpt":{"rendered":"<p>C\u00daCUTA. La Secretar\u00eda de Gobierno entreg\u00f3 escarapelas a 170 vendedores informales para ejercer la actividad de manera ordenada en El Malec\u00f3n y la Plaza de Banderas. De esta manera, la administraci\u00f3n municipal fortalece la econom\u00eda popular. El objetivo es organizar el uso del espacio p\u00fablico durante los eventos masivos de las Ferias de C\u00facuta 2025. &hellip;<\/p>\n","protected":false},"author":1,"featured_media":44988,"comment_status":"open","ping_status":"open","sticky":false,"template":"","format":"standard","meta":{"footnotes":""},"categories":[4,36],"tags":[7060,6482,1565,2352],"class_list":["post-44987","post","type-post","status-publish","format-standard","has-post-thumbnail","hentry","category-barra","category-la-voz-del-pueblo","tag-ferias-de-cucuta-2025","tag-secretaria-de-gobierno-de-cucuta","tag-secretaria-de-salud-de-cucuta","tag-vendedores-informales"],"_links":{"self":[{"href":"https:\/\/contraluzcucuta.co\/index.php?rest_route=\/wp\/v2\/posts\/44987","targetHints":{"allow":["GET"]}}],"collection":[{"href":"https:\/\/contraluzcucuta.co\/index.php?rest_route=\/wp\/v2\/posts"}],"about":[{"href":"https:\/\/contraluzcucuta.co\/index.php?rest_route=\/wp\/v2\/types\/post"}],"author":[{"embeddable":true,"href":"https:\/\/contraluzcucuta.co\/index.php?rest_route=\/wp\/v2\/users\/1"}],"replies":[{"embeddable":true,"href":"https:\/\/contraluzcucuta.co\/index.php?rest_route=%2Fwp%2Fv2%2Fcomments&post=44987"}],"version-history":[{"count":1,"href":"https:\/\/contraluzcucuta.co\/index.php?rest_route=\/wp\/v2\/posts\/44987\/revisions"}],"predecessor-version":[{"id":44991,"href":"https:\/\/contraluzcucuta.co\/index.php?rest_route=\/wp\/v2\/posts\/44987\/revisions\/44991"}],"wp:featuredmedia":[{"embeddable":true,"href":"https:\/\/contraluzcucuta.co\/index.php?rest_route=\/wp\/v2\/media\/44988"}],"wp:attachment":[{"href":"https:\/\/contraluzcucuta.co\/index.php?rest_route=%2Fwp%2Fv2%2Fmedia&parent=44987"}],"wp:term":[{"taxonomy":"category","embeddable":true,"href":"https:\/\/contraluzcucuta.co\/index.php?rest_route=%2Fwp%2Fv2%2Fcategories&post=44987"},{"taxonomy":"post_tag","embeddable":true,"href":"https:\/\/contraluzcucuta.co\/index.php?rest_route=%2Fwp%2Fv2%2Ftags&post=44987"}],"curies":[{"name":"wp","href":"https:\/\/api.w.org\/{rel}","templated":true}]}}