{"id":44982,"date":"2025-07-23T16:08:20","date_gmt":"2025-07-23T21:08:20","guid":{"rendered":"https:\/\/contraluzcucuta.co\/?p=44982"},"modified":"2025-07-23T16:08:20","modified_gmt":"2025-07-23T21:08:20","slug":"infraestructura-avanzan-ambiciosos-proyectos-para-norte-de-santander","status":"publish","type":"post","link":"https:\/\/contraluzcucuta.co\/?p=44982","title":{"rendered":"INFRAESTRUCTURA. Avanzan ambiciosos proyectos para Norte de Santander"},"content":{"rendered":"<p style=\"text-align: right;\"><strong>C\u00daCUTA.<\/strong><\/p>\n<p><strong><span style=\"color: #ff9900;\">La construcci\u00f3n del Centro de Eventos, Exposiciones e Innovaci\u00f3n, ubicado en la antigua Plaza de Ferias de C\u00facuta, avanza en el 37 por ciento. As\u00ed lo dio a conocer el gobernador William Villamizar, al presentar el paquete de anuncios clave para el desarrollo econ\u00f3mico y empresarial del departamento.<\/span><\/strong><\/p>\n<p><a href=\"https:\/\/contraluzcucuta.co\/wp-content\/uploads\/2025\/07\/CENTRO-DE-EVENTOS-7.jpeg\"><img loading=\"lazy\" decoding=\"async\" class=\"alignnone  wp-image-44984 alignleft\" src=\"https:\/\/contraluzcucuta.co\/wp-content\/uploads\/2025\/07\/CENTRO-DE-EVENTOS-7-300x218.jpeg\" alt=\"\" width=\"249\" height=\"181\" srcset=\"https:\/\/contraluzcucuta.co\/wp-content\/uploads\/2025\/07\/CENTRO-DE-EVENTOS-7-300x218.jpeg 300w, https:\/\/contraluzcucuta.co\/wp-content\/uploads\/2025\/07\/CENTRO-DE-EVENTOS-7-600x436.jpeg 600w, https:\/\/contraluzcucuta.co\/wp-content\/uploads\/2025\/07\/CENTRO-DE-EVENTOS-7-1024x744.jpeg 1024w, https:\/\/contraluzcucuta.co\/wp-content\/uploads\/2025\/07\/CENTRO-DE-EVENTOS-7-768x558.jpeg 768w, https:\/\/contraluzcucuta.co\/wp-content\/uploads\/2025\/07\/CENTRO-DE-EVENTOS-7.jpeg 1080w\" sizes=\"auto, (max-width: 249px) 100vw, 249px\" \/><\/a><\/p>\n<p>El recinto tendr\u00e1 capacidad para 1500 visitantes, 500 parqueaderos, zonas para negocios, innovaci\u00f3n, transmisi\u00f3n en directo y eventos de gran formato. Se proyecta como punto de encuentro estrat\u00e9gico para el empresariado regional, con impacto nacional e internacional.<\/p>\n<p>Otro anuncio, durante la presentaci\u00f3n oficial de la plataforma Casa Norte de Santander, es la adjudicaci\u00f3n de la licitaci\u00f3n para la construcci\u00f3n del Centro de Convenciones de la Frontera, en Villa del Rosario, frente al Templo Hist\u00f3rico. El proyecto iniciar\u00e1 obras en los pr\u00f3ximos d\u00edas y permitir\u00e1 que Norte de Santander reciba eventos nacionales e internacionales.<\/p>\n<p>El tercer eje de desarrollo presentado es la Zona Franca de C\u00facuta. La Gobernaci\u00f3n ha invertido $ 10.000 millones, en cumplimiento de los compromisos del Plan de Desarrollo. La inversi\u00f3n permitir\u00e1:<\/p>\n<ul>\n<li>Modernizar la infraestructura<\/li>\n<li>Mejorar el cerramiento perimetral<\/li>\n<li>Adecuar zonas industriales<\/li>\n<li>Facilitar la operaci\u00f3n de empresas en condiciones preferenciales.<\/li>\n<\/ul>\n<p><a href=\"https:\/\/contraluzcucuta.co\/wp-content\/uploads\/2025\/07\/GOBERNADOR-INFRAESTRUCTURA-1-scaled.jpg\"><img loading=\"lazy\" decoding=\"async\" class=\"alignnone  wp-image-44985 alignleft\" src=\"https:\/\/contraluzcucuta.co\/wp-content\/uploads\/2025\/07\/GOBERNADOR-INFRAESTRUCTURA-1-300x200.jpg\" alt=\"\" width=\"245\" height=\"163\" srcset=\"https:\/\/contraluzcucuta.co\/wp-content\/uploads\/2025\/07\/GOBERNADOR-INFRAESTRUCTURA-1-300x200.jpg 300w, https:\/\/contraluzcucuta.co\/wp-content\/uploads\/2025\/07\/GOBERNADOR-INFRAESTRUCTURA-1-scaled-600x400.jpg 600w, https:\/\/contraluzcucuta.co\/wp-content\/uploads\/2025\/07\/GOBERNADOR-INFRAESTRUCTURA-1-1024x683.jpg 1024w, https:\/\/contraluzcucuta.co\/wp-content\/uploads\/2025\/07\/GOBERNADOR-INFRAESTRUCTURA-1-768x512.jpg 768w, https:\/\/contraluzcucuta.co\/wp-content\/uploads\/2025\/07\/GOBERNADOR-INFRAESTRUCTURA-1-1536x1024.jpg 1536w, https:\/\/contraluzcucuta.co\/wp-content\/uploads\/2025\/07\/GOBERNADOR-INFRAESTRUCTURA-1-2048x1366.jpg 2048w, https:\/\/contraluzcucuta.co\/wp-content\/uploads\/2025\/07\/GOBERNADOR-INFRAESTRUCTURA-1-310x205.jpg 310w\" sizes=\"auto, (max-width: 245px) 100vw, 245px\" \/><\/a><\/p>\n<p>Villamizar explic\u00f3 que operar en la zona franca representa el ahorro entre 30 y 40 por ciento en costos de producci\u00f3n, al aprovechar los beneficios de exenci\u00f3n de aranceles, no pago de IVA en insumos nacionales y la posibilidad de importar sin tributos.<\/p>\n<p>El Gobernador anunci\u00f3 la inversi\u00f3n de $ 4000 millones en la construcci\u00f3n e implementaci\u00f3n de la Marca Regi\u00f3n. El objetivo es posicionar a Norte de Santander en escenarios nacionales e internacionales como tierra creativa, resiliente y productiva. Esta estrategia est\u00e1 liderada por un equipo t\u00e9cnico de la Gobernaci\u00f3n y creativos de la C\u00e1mara de Comercio de C\u00facuta.<\/p>\n<p>William Villamizar destac\u00f3 los logros de empresarios locales y los premios obtenidos en ferias en China, Brasil, Espa\u00f1a y Portugal.<\/p>\n<p><strong>Luis Tob\u00f3n &#8211; @GoberNorte<\/strong><\/p>\n","protected":false},"excerpt":{"rendered":"<p>C\u00daCUTA. La construcci\u00f3n del Centro de Eventos, Exposiciones e Innovaci\u00f3n, ubicado en la antigua Plaza de Ferias de C\u00facuta, avanza en el 37 por ciento. As\u00ed lo dio a conocer el gobernador William Villamizar, al presentar el paquete de anuncios clave para el desarrollo econ\u00f3mico y empresarial del departamento. El recinto tendr\u00e1 capacidad para 1500 &hellip;<\/p>\n","protected":false},"author":1,"featured_media":44983,"comment_status":"open","ping_status":"open","sticky":false,"template":"","format":"standard","meta":{"footnotes":""},"categories":[45,4],"tags":[7073,7080,4182,6676,2800,1533],"class_list":["post-44982","post","type-post","status-publish","format-standard","has-post-thumbnail","hentry","category-destacado","category-barra","tag-casa-norte-de-santander","tag-centro-de-convenciones-de-la-frontera","tag-centro-de-eventos","tag-exposiciones-e-innovacion","tag-gobernador-william-villamizar","tag-zona-franca-de-cucuta"],"_links":{"self":[{"href":"https:\/\/contraluzcucuta.co\/index.php?rest_route=\/wp\/v2\/posts\/44982","targetHints":{"allow":["GET"]}}],"collection":[{"href":"https:\/\/contraluzcucuta.co\/index.php?rest_route=\/wp\/v2\/posts"}],"about":[{"href":"https:\/\/contraluzcucuta.co\/index.php?rest_route=\/wp\/v2\/types\/post"}],"author":[{"embeddable":true,"href":"https:\/\/contraluzcucuta.co\/index.php?rest_route=\/wp\/v2\/users\/1"}],"replies":[{"embeddable":true,"href":"https:\/\/contraluzcucuta.co\/index.php?rest_route=%2Fwp%2Fv2%2Fcomments&post=44982"}],"version-history":[{"count":1,"href":"https:\/\/contraluzcucuta.co\/index.php?rest_route=\/wp\/v2\/posts\/44982\/revisions"}],"predecessor-version":[{"id":44986,"href":"https:\/\/contraluzcucuta.co\/index.php?rest_route=\/wp\/v2\/posts\/44982\/revisions\/44986"}],"wp:featuredmedia":[{"embeddable":true,"href":"https:\/\/contraluzcucuta.co\/index.php?rest_route=\/wp\/v2\/media\/44983"}],"wp:attachment":[{"href":"https:\/\/contraluzcucuta.co\/index.php?rest_route=%2Fwp%2Fv2%2Fmedia&parent=44982"}],"wp:term":[{"taxonomy":"category","embeddable":true,"href":"https:\/\/contraluzcucuta.co\/index.php?rest_route=%2Fwp%2Fv2%2Fcategories&post=44982"},{"taxonomy":"post_tag","embeddable":true,"href":"https:\/\/contraluzcucuta.co\/index.php?rest_route=%2Fwp%2Fv2%2Ftags&post=44982"}],"curies":[{"name":"wp","href":"https:\/\/api.w.org\/{rel}","templated":true}]}}