{"id":44972,"date":"2025-07-22T18:38:17","date_gmt":"2025-07-22T23:38:17","guid":{"rendered":"https:\/\/contraluzcucuta.co\/?p=44972"},"modified":"2025-07-22T18:38:17","modified_gmt":"2025-07-22T23:38:17","slug":"casa-norte-de-santander-una-region-que-conquistara-desde-colombiamoda","status":"publish","type":"post","link":"https:\/\/contraluzcucuta.co\/?p=44972","title":{"rendered":"CASA NORTE DE SANTANDER. Una regi\u00f3n que conquistar\u00e1 desde Colombiamoda"},"content":{"rendered":"<p style=\"text-align: right;\"><strong>C\u00daCUTA.<\/strong><\/p>\n<p><strong><span style=\"color: #ff9900;\">Casa Norte de Santander \u2013 C\u00facuta sin Fronteras abrir\u00e1 las puertas, el 28 de julio en Medell\u00edn. Contar\u00e1 con respaldo de Inexmoda y el objetivo ser\u00e1 exponer al pa\u00eds y al continente el talento, la fuerza productiva y la capacidad exportadora de esta regi\u00f3n, que se consolida como protagonista nacional.<\/span><\/strong><\/p>\n<p style=\"text-align: left;\"><a href=\"https:\/\/contraluzcucuta.co\/wp-content\/uploads\/2025\/07\/CASA-NORTE-DE-SANTANDER-1.jpg\"><img loading=\"lazy\" decoding=\"async\" class=\"alignnone  wp-image-44973 aligncenter\" src=\"https:\/\/contraluzcucuta.co\/wp-content\/uploads\/2025\/07\/CASA-NORTE-DE-SANTANDER-1-300x217.jpg\" alt=\"\" width=\"247\" height=\"179\" srcset=\"https:\/\/contraluzcucuta.co\/wp-content\/uploads\/2025\/07\/CASA-NORTE-DE-SANTANDER-1-300x217.jpg 300w, https:\/\/contraluzcucuta.co\/wp-content\/uploads\/2025\/07\/CASA-NORTE-DE-SANTANDER-1-600x433.jpg 600w, https:\/\/contraluzcucuta.co\/wp-content\/uploads\/2025\/07\/CASA-NORTE-DE-SANTANDER-1-1024x739.jpg 1024w, https:\/\/contraluzcucuta.co\/wp-content\/uploads\/2025\/07\/CASA-NORTE-DE-SANTANDER-1-768x554.jpg 768w, https:\/\/contraluzcucuta.co\/wp-content\/uploads\/2025\/07\/CASA-NORTE-DE-SANTANDER-1.jpg 1280w\" sizes=\"auto, (max-width: 247px) 100vw, 247px\" \/><\/a><\/p>\n<p>La iniciativa es liderada por Corpoincrea, con apoyo de la Gobernaci\u00f3n de Norte de Santander (secretar\u00eda de Desarrollo Econ\u00f3mico y Productividad), la Alcald\u00eda de C\u00facuta (Banco del Progreso), la C\u00e1mara de Comercio de C\u00facuta, ProColombia y gremios de la moda nortesantandereana.<\/p>\n<p>\u201cEsta es una gran excusa, es un gran espacio que permite a nivel nacional e internacional mostrar la capacidad de un sector productivo nortesantandereano y un espacio en el que nos permitimos dignificar esa labor de trabajo colaborativo en una vitrina internacional, como lo es Colombiamoda 2025\u201d, dijo el secretario de Desarrollo de Norte de Santander, Olger L\u00f3pez.<\/p>\n<p>Casa Norte exaltar\u00e1 el potencial del sistema moda, abrir\u00e1 las vitrinas a los sectores gastron\u00f3mico y artesanal, y proyectar\u00e1 el territorio que crea, transforma y exporta.<\/p>\n<p>\u201cNos sentimos orgullosos y queremos que la comunidad nortesantandereana se entere de todo esto que se organiza en nuestro departamento y que lo proyecta a nivel internacional\u201d, agreg\u00f3 el gobernador William Villamizar.<\/p>\n<p><strong>Otras reacciones<\/strong><\/p>\n<p>Sergio Castillo Hern\u00e1ndez, presidente de la C\u00e1mara de Comercio de C\u00facuta<\/p>\n<ul>\n<li>Esta vez somos los protagonistas. Norte de Santander se muda a Medell\u00edn. Vamos a contarles al resto del pa\u00eds y a Latinoam\u00e9rica que creemos en lo que somos, con el trabajo en equipo.<\/li>\n<\/ul>\n<p>Luis Javier Ch\u00e1vez, secretario del Banco del Progreso de la Alcald\u00eda de C\u00facuta<\/p>\n<ul>\n<li>Es un hecho ciento por ciento comprobado que C\u00facuta calza a Colombia y C\u00facuta viste a Colombia.<\/li>\n<\/ul>\n<p>M\u00f3nica Matamoros, directora de Corpoincrea<\/p>\n<ul>\n<li>Gratitud a las entidades gubernamentales, a la C\u00e1mara de Comercio, ProColombia, a todos los gremios y asociaciones de moda. Tambi\u00e9n a Inexmoda, que creyeron en nuestra propuesta.<\/li>\n<\/ul>\n<p>&nbsp;<\/p>\n<p>Casa Norte de Santander tendr\u00e1 la participaci\u00f3n de 24 empresas con estand propio en el espacio regional, el 28 de julio. 35 empresas fueron favorecidas para hacer parte activa de Colombiamoda 2025 (del 29 al 31 de julio).<\/p>\n<p>Isabel Obando &#8211; @GoberNorte<\/p>\n","protected":false},"excerpt":{"rendered":"<p>C\u00daCUTA. Casa Norte de Santander \u2013 C\u00facuta sin Fronteras abrir\u00e1 las puertas, el 28 de julio en Medell\u00edn. Contar\u00e1 con respaldo de Inexmoda y el objetivo ser\u00e1 exponer al pa\u00eds y al continente el talento, la fuerza productiva y la capacidad exportadora de esta regi\u00f3n, que se consolida como protagonista nacional. La iniciativa es liderada &hellip;<\/p>\n","protected":false},"author":1,"featured_media":44974,"comment_status":"open","ping_status":"open","sticky":false,"template":"","format":"standard","meta":{"footnotes":""},"categories":[4,32],"tags":[375,7073,7076,7075,7074,379,5535,4992],"class_list":["post-44972","post","type-post","status-publish","format-standard","has-post-thumbnail","hentry","category-barra","category-recorrido-por-la-region","tag-camara-de-comercio-de-cucuta","tag-casa-norte-de-santander","tag-colombiamoda-2025","tag-corpoincrea","tag-cucuta-sin-fronteras","tag-gobernacion-de-norte-de-santander","tag-inexmoda","tag-procolombia"],"_links":{"self":[{"href":"https:\/\/contraluzcucuta.co\/index.php?rest_route=\/wp\/v2\/posts\/44972","targetHints":{"allow":["GET"]}}],"collection":[{"href":"https:\/\/contraluzcucuta.co\/index.php?rest_route=\/wp\/v2\/posts"}],"about":[{"href":"https:\/\/contraluzcucuta.co\/index.php?rest_route=\/wp\/v2\/types\/post"}],"author":[{"embeddable":true,"href":"https:\/\/contraluzcucuta.co\/index.php?rest_route=\/wp\/v2\/users\/1"}],"replies":[{"embeddable":true,"href":"https:\/\/contraluzcucuta.co\/index.php?rest_route=%2Fwp%2Fv2%2Fcomments&post=44972"}],"version-history":[{"count":1,"href":"https:\/\/contraluzcucuta.co\/index.php?rest_route=\/wp\/v2\/posts\/44972\/revisions"}],"predecessor-version":[{"id":44975,"href":"https:\/\/contraluzcucuta.co\/index.php?rest_route=\/wp\/v2\/posts\/44972\/revisions\/44975"}],"wp:featuredmedia":[{"embeddable":true,"href":"https:\/\/contraluzcucuta.co\/index.php?rest_route=\/wp\/v2\/media\/44974"}],"wp:attachment":[{"href":"https:\/\/contraluzcucuta.co\/index.php?rest_route=%2Fwp%2Fv2%2Fmedia&parent=44972"}],"wp:term":[{"taxonomy":"category","embeddable":true,"href":"https:\/\/contraluzcucuta.co\/index.php?rest_route=%2Fwp%2Fv2%2Fcategories&post=44972"},{"taxonomy":"post_tag","embeddable":true,"href":"https:\/\/contraluzcucuta.co\/index.php?rest_route=%2Fwp%2Fv2%2Ftags&post=44972"}],"curies":[{"name":"wp","href":"https:\/\/api.w.org\/{rel}","templated":true}]}}