{"id":44961,"date":"2025-07-22T15:56:32","date_gmt":"2025-07-22T20:56:32","guid":{"rendered":"https:\/\/contraluzcucuta.co\/?p=44961"},"modified":"2025-07-22T15:56:32","modified_gmt":"2025-07-22T20:56:32","slug":"ferias-de-cucuta-cierres-viales-futbol-desfiles-y-carrozas","status":"publish","type":"post","link":"https:\/\/contraluzcucuta.co\/?p=44961","title":{"rendered":"FERIAS DE C\u00daCUTA. Cierres viales, f\u00fatbol, desfiles y carrozas"},"content":{"rendered":"<p style=\"text-align: right;\"><strong>C\u00daCUTA.<\/strong><\/p>\n<p><strong><span style=\"color: #ff9900;\">La celebraci\u00f3n de las Ferias de C\u00facuta contempla eventos masivos, para el disfrute de la comunidad cucute\u00f1a y de los turistas. Para permitir el desarrollo de la programaci\u00f3n se har\u00e1n los siguientes cierres de viales:<\/span><\/strong><\/p>\n<p><a href=\"https:\/\/contraluzcucuta.co\/wp-content\/uploads\/2025\/07\/FERIAS-CIERRE-DE-VIAS-3.jpg\"><img loading=\"lazy\" decoding=\"async\" class=\"alignnone  wp-image-44964 alignleft\" src=\"https:\/\/contraluzcucuta.co\/wp-content\/uploads\/2025\/07\/FERIAS-CIERRE-DE-VIAS-3-240x300.jpg\" alt=\"\" width=\"221\" height=\"276\" srcset=\"https:\/\/contraluzcucuta.co\/wp-content\/uploads\/2025\/07\/FERIAS-CIERRE-DE-VIAS-3-240x300.jpg 240w, https:\/\/contraluzcucuta.co\/wp-content\/uploads\/2025\/07\/FERIAS-CIERRE-DE-VIAS-3-600x751.jpg 600w, https:\/\/contraluzcucuta.co\/wp-content\/uploads\/2025\/07\/FERIAS-CIERRE-DE-VIAS-3-818x1024.jpg 818w, https:\/\/contraluzcucuta.co\/wp-content\/uploads\/2025\/07\/FERIAS-CIERRE-DE-VIAS-3-768x961.jpg 768w, https:\/\/contraluzcucuta.co\/wp-content\/uploads\/2025\/07\/FERIAS-CIERRE-DE-VIAS-3.jpg 1023w\" sizes=\"auto, (max-width: 221px) 100vw, 221px\" \/><\/a><\/p>\n<p><strong>23 de julio<\/strong><\/p>\n<p>Partido de las Estrellas: \u00a012:00 del d\u00eda &#8211; 5:00 de la tarde<\/p>\n<ul>\n<li>Cancha del barrio Vallesther, de la ciudadela La Libertad. Se cerrar\u00e1 el cuadrante comprendido entre la avenida 18, calle 13, avenida 17, calle 17 y glorieta de la calle 15.<\/li>\n<\/ul>\n<p>Motil\u00f3n Running: \u00a05:00 de la tarde &#8211; 10:00 de la noche<\/p>\n<ul>\n<li>10k: Salida en el Parque Playa. Avenida del R\u00edo, bordea la Cl\u00ednica Medical Duarte, entra a la Avenida Los Libertadores (zona cerrada de ciclov\u00eda), se dirige hasta el puente de San Rafael, retorna por la misma v\u00eda hasta el Pat\u00edn de la Fruta.<\/li>\n<li>5k: Salida en el Parque Playa. Avenida del R\u00edo, bordea la Cl\u00ednica Medical Duarte, entra a la Avenida Los Libertadores (zona cerrada de ciclov\u00eda), se dirige hacia Rodizio, retorna por la misma v\u00eda hasta el Pat\u00edn de la Fruta.<\/li>\n<\/ul>\n<p style=\"text-align: center;\"><a href=\"https:\/\/contraluzcucuta.co\/wp-content\/uploads\/2025\/07\/FERIAS-CIERRE-DE-VIAS-5.jpg\"><img loading=\"lazy\" decoding=\"async\" class=\"alignnone size-medium wp-image-44965\" src=\"https:\/\/contraluzcucuta.co\/wp-content\/uploads\/2025\/07\/FERIAS-CIERRE-DE-VIAS-5-240x300.jpg\" alt=\"\" width=\"240\" height=\"300\" srcset=\"https:\/\/contraluzcucuta.co\/wp-content\/uploads\/2025\/07\/FERIAS-CIERRE-DE-VIAS-5-240x300.jpg 240w, https:\/\/contraluzcucuta.co\/wp-content\/uploads\/2025\/07\/FERIAS-CIERRE-DE-VIAS-5-600x751.jpg 600w, https:\/\/contraluzcucuta.co\/wp-content\/uploads\/2025\/07\/FERIAS-CIERRE-DE-VIAS-5-818x1024.jpg 818w, https:\/\/contraluzcucuta.co\/wp-content\/uploads\/2025\/07\/FERIAS-CIERRE-DE-VIAS-5-768x961.jpg 768w, https:\/\/contraluzcucuta.co\/wp-content\/uploads\/2025\/07\/FERIAS-CIERRE-DE-VIAS-5.jpg 1023w\" sizes=\"auto, (max-width: 240px) 100vw, 240px\" \/><\/a><\/p>\n<p><strong>24 de julio<\/strong><\/p>\n<p>Desfile de carros antiguos: 3:00 de la tarde<\/p>\n<ul>\n<li>Comienza en la calle 8 con avenida sexta, esquina del Centro Comercial Alejandr\u00eda, contin\u00faa por la avenida sexta hasta la calle 11, cruza por la Avenida Cero hasta tomar la calle 15, sigue hasta la Avenida Los Libertadores, toma el retorno para finalizar en el Teatro Las Cascadas.<\/li>\n<\/ul>\n<p><strong>25 de julio<\/strong><\/p>\n<p>Desfile de carrozas y comparsas: 3:00 de la tarde<\/p>\n<ul>\n<li>Comienza en la calle 8 con avenida sexta, esquina del Centro Comercial Alejandr\u00eda, contin\u00faa por la avenida sexta hasta la calle 11, cruza por la Avenida Cero hasta tomar la calle 15, sigue hasta la avenida Libertadores, toma el retorno para finalizar en el Teatro Las Cascadas.<\/li>\n<\/ul>\n<p>La Secretar\u00eda de Movilidad dispondr\u00e1 de personal para los controles y coordinar la articulaci\u00f3n vehicular durante los d\u00edas de feria, para que cucute\u00f1os y visitantes disfrutar los eventos.<\/p>\n","protected":false},"excerpt":{"rendered":"<p>C\u00daCUTA. La celebraci\u00f3n de las Ferias de C\u00facuta contempla eventos masivos, para el disfrute de la comunidad cucute\u00f1a y de los turistas. Para permitir el desarrollo de la programaci\u00f3n se har\u00e1n los siguientes cierres de viales: 23 de julio Partido de las Estrellas: \u00a012:00 del d\u00eda &#8211; 5:00 de la tarde Cancha del barrio Vallesther, &hellip;<\/p>\n","protected":false},"author":1,"featured_media":44962,"comment_status":"open","ping_status":"open","sticky":false,"template":"","format":"standard","meta":{"footnotes":""},"categories":[45,4],"tags":[4231,3428,7070],"class_list":["post-44961","post","type-post","status-publish","format-standard","has-post-thumbnail","hentry","category-destacado","category-barra","tag-ferias-de-cucuta","tag-parque-playa","tag-secretaria-de-movilidad"],"_links":{"self":[{"href":"https:\/\/contraluzcucuta.co\/index.php?rest_route=\/wp\/v2\/posts\/44961","targetHints":{"allow":["GET"]}}],"collection":[{"href":"https:\/\/contraluzcucuta.co\/index.php?rest_route=\/wp\/v2\/posts"}],"about":[{"href":"https:\/\/contraluzcucuta.co\/index.php?rest_route=\/wp\/v2\/types\/post"}],"author":[{"embeddable":true,"href":"https:\/\/contraluzcucuta.co\/index.php?rest_route=\/wp\/v2\/users\/1"}],"replies":[{"embeddable":true,"href":"https:\/\/contraluzcucuta.co\/index.php?rest_route=%2Fwp%2Fv2%2Fcomments&post=44961"}],"version-history":[{"count":1,"href":"https:\/\/contraluzcucuta.co\/index.php?rest_route=\/wp\/v2\/posts\/44961\/revisions"}],"predecessor-version":[{"id":44966,"href":"https:\/\/contraluzcucuta.co\/index.php?rest_route=\/wp\/v2\/posts\/44961\/revisions\/44966"}],"wp:featuredmedia":[{"embeddable":true,"href":"https:\/\/contraluzcucuta.co\/index.php?rest_route=\/wp\/v2\/media\/44962"}],"wp:attachment":[{"href":"https:\/\/contraluzcucuta.co\/index.php?rest_route=%2Fwp%2Fv2%2Fmedia&parent=44961"}],"wp:term":[{"taxonomy":"category","embeddable":true,"href":"https:\/\/contraluzcucuta.co\/index.php?rest_route=%2Fwp%2Fv2%2Fcategories&post=44961"},{"taxonomy":"post_tag","embeddable":true,"href":"https:\/\/contraluzcucuta.co\/index.php?rest_route=%2Fwp%2Fv2%2Ftags&post=44961"}],"curies":[{"name":"wp","href":"https:\/\/api.w.org\/{rel}","templated":true}]}}